{"id":2936,"date":"2024-03-29T13:56:55","date_gmt":"2024-03-29T13:56:55","guid":{"rendered":"https:\/\/orecc.fr\/forez\/?p=2936"},"modified":"2024-03-29T14:01:56","modified_gmt":"2024-03-29T14:01:56","slug":"le-regime-fiscal-des-jeunes-entreprises-innovantes-jei","status":"publish","type":"post","link":"https:\/\/orecc.fr\/forez\/le-regime-fiscal-des-jeunes-entreprises-innovantes-jei\/","title":{"rendered":"Le r\u00e9gime fiscal des jeunes entreprises innovantes (JEI)"},"content":{"rendered":"\n<p><\/p>\n\n\n\n<p>Les entreprises b\u00e9n\u00e9ficiant du statut de jeune entreprise innovante (JEI) ou universitaire (JEU), peuvent b\u00e9n\u00e9ficier de certaines exon\u00e9rations fiscales et sociales. Depuis le 1er janvier 2024, ce dispositif est ouvert \u00e0 une nouvelle cat\u00e9gorie d\u2019entreprise d\u00e9nomm\u00e9e \u00ab\u00a0<strong>jeune entreprise de croissance\u00a0\u00bb<\/strong> (JEC).<\/p>\n\n\n\n<p>Afin d&rsquo;obtenir le statut de JEI, les entreprises doivent respecter certains crit\u00e8res  \u00e0 la fin de chaque exercice.<\/p>\n\n\n\n<p><a href=\"https:\/\/orecc.fr\/forez\/wp-content\/uploads\/sites\/9\/2024\/03\/Le-regime-fiscal-des-jeunes-entreprises-innovantes-JEI.pdf\" target=\"_blank\" rel=\"noreferrer noopener\">T\u00e9l\u00e9charger l&rsquo;article<\/a><\/p>\n","protected":false},"excerpt":{"rendered":"<p>Les entreprises b\u00e9n\u00e9ficiant du statut de jeune entreprise innovante (JEI) ou universitaire (JEU), peuvent b\u00e9n\u00e9ficier de certaines exon\u00e9rations fiscales et sociales. Depuis le 1er janvier 2024, ce dispositif est ouvert \u00e0 une nouvelle cat\u00e9gorie d\u2019entreprise d\u00e9nomm\u00e9e \u00ab\u00a0jeune entreprise de croissance\u00a0\u00bb (JEC). Afin d&rsquo;obtenir le statut de JEI, les entreprises doivent respecter certains crit\u00e8res \u00e0 la [&hellip;]<\/p>\n","protected":false},"author":4,"featured_media":1550,"comment_status":"closed","ping_status":"open","sticky":false,"template":"","format":"standard","meta":{"jetpack_post_was_ever_published":false,"footnotes":""},"categories":[1],"tags":[59,62,61],"class_list":["post-2936","post","type-post","status-publish","format-standard","has-post-thumbnail","hentry","category-blog","tag-jei","tag-jeune-entreprie","tag-regime-fiscal-2"],"yoast_head":"<!-- This site is optimized with the Yoast SEO plugin v23.5 - https:\/\/yoast.com\/wordpress\/plugins\/seo\/ -->\n<title>Le r\u00e9gime fiscal des jeunes entreprises innovantes (JEI) - ORECC Forez Montbrison Savigneux - Expert comptable<\/title>\n<meta name=\"description\" content=\"Depuis le 1er janvier 2024, ce dispositif d&#039;exon\u00e9rations fiscales et sociales est ouvert \u00e0 une nouvelle cat\u00e9gorie d\u2019entreprise d\u00e9nomm\u00e9e (JEI)\" \/>\n<meta name=\"robots\" content=\"index, follow, max-snippet:-1, max-image-preview:large, max-video-preview:-1\" \/>\n<link rel=\"canonical\" href=\"https:\/\/orecc.fr\/forez\/le-regime-fiscal-des-jeunes-entreprises-innovantes-jei\/\" \/>\n<meta property=\"og:locale\" content=\"fr_FR\" \/>\n<meta property=\"og:type\" content=\"article\" \/>\n<meta property=\"og:title\" content=\"Le r\u00e9gime fiscal des jeunes entreprises innovantes (JEI) - ORECC Forez Montbrison Savigneux - Expert comptable\" \/>\n<meta property=\"og:description\" content=\"Depuis le 1er janvier 2024, ce dispositif d&#039;exon\u00e9rations fiscales et sociales est ouvert \u00e0 une nouvelle cat\u00e9gorie d\u2019entreprise d\u00e9nomm\u00e9e (JEI)\" \/>\n<meta property=\"og:url\" content=\"https:\/\/orecc.fr\/forez\/le-regime-fiscal-des-jeunes-entreprises-innovantes-jei\/\" \/>\n<meta property=\"og:site_name\" content=\"ORECC Forez Montbrison Savigneux - Expert comptable\" \/>\n<meta property=\"article:published_time\" content=\"2024-03-29T13:56:55+00:00\" \/>\n<meta property=\"article:modified_time\" content=\"2024-03-29T14:01:56+00:00\" \/>\n<meta property=\"og:image\" content=\"https:\/\/orecc.fr\/forez\/wp-content\/uploads\/sites\/9\/2020\/04\/cropped-register-810546_640.jpg\" \/>\n\t<meta property=\"og:image:width\" content=\"636\" \/>\n\t<meta property=\"og:image:height\" content=\"423\" \/>\n\t<meta property=\"og:image:type\" content=\"image\/jpeg\" \/>\n<meta name=\"author\" content=\"oreccforezediteur\" \/>\n<meta name=\"twitter:card\" content=\"summary_large_image\" \/>\n<meta name=\"twitter:creator\" content=\"@orecc\" \/>\n<meta name=\"twitter:site\" content=\"@orecc\" \/>\n<meta name=\"twitter:label1\" content=\"\u00c9crit par\" \/>\n\t<meta name=\"twitter:data1\" content=\"oreccforezediteur\" \/>\n\t<meta name=\"twitter:label2\" content=\"Dur\u00e9e de lecture estim\u00e9e\" \/>\n\t<meta name=\"twitter:data2\" content=\"1 minute\" \/>\n<script type=\"application\/ld+json\" class=\"yoast-schema-graph\">{\"@context\":\"https:\/\/schema.org\",\"@graph\":[{\"@type\":\"Article\",\"@id\":\"https:\/\/orecc.fr\/forez\/le-regime-fiscal-des-jeunes-entreprises-innovantes-jei\/#article\",\"isPartOf\":{\"@id\":\"https:\/\/orecc.fr\/forez\/le-regime-fiscal-des-jeunes-entreprises-innovantes-jei\/\"},\"author\":{\"name\":\"oreccforezediteur\",\"@id\":\"https:\/\/orecc.fr\/forez\/#\/schema\/person\/8d4519f902ecc417ecf97ef72fbd937d\"},\"headline\":\"Le r\u00e9gime fiscal des jeunes entreprises innovantes (JEI)\",\"datePublished\":\"2024-03-29T13:56:55+00:00\",\"dateModified\":\"2024-03-29T14:01:56+00:00\",\"mainEntityOfPage\":{\"@id\":\"https:\/\/orecc.fr\/forez\/le-regime-fiscal-des-jeunes-entreprises-innovantes-jei\/\"},\"wordCount\":79,\"publisher\":{\"@id\":\"https:\/\/orecc.fr\/forez\/#organization\"},\"image\":{\"@id\":\"https:\/\/orecc.fr\/forez\/le-regime-fiscal-des-jeunes-entreprises-innovantes-jei\/#primaryimage\"},\"thumbnailUrl\":\"https:\/\/i0.wp.com\/orecc.fr\/forez\/wp-content\/uploads\/sites\/9\/2020\/04\/cropped-register-810546_640.jpg?fit=636%2C423&ssl=1\",\"keywords\":[\"JEI\",\"jeune entreprie\",\"r\u00e9gime fiscal\"],\"articleSection\":[\"BLOG\"],\"inLanguage\":\"fr-FR\"},{\"@type\":\"WebPage\",\"@id\":\"https:\/\/orecc.fr\/forez\/le-regime-fiscal-des-jeunes-entreprises-innovantes-jei\/\",\"url\":\"https:\/\/orecc.fr\/forez\/le-regime-fiscal-des-jeunes-entreprises-innovantes-jei\/\",\"name\":\"Le r\u00e9gime fiscal des jeunes entreprises innovantes (JEI) - ORECC Forez Montbrison Savigneux - Expert comptable\",\"isPartOf\":{\"@id\":\"https:\/\/orecc.fr\/forez\/#website\"},\"primaryImageOfPage\":{\"@id\":\"https:\/\/orecc.fr\/forez\/le-regime-fiscal-des-jeunes-entreprises-innovantes-jei\/#primaryimage\"},\"image\":{\"@id\":\"https:\/\/orecc.fr\/forez\/le-regime-fiscal-des-jeunes-entreprises-innovantes-jei\/#primaryimage\"},\"thumbnailUrl\":\"https:\/\/i0.wp.com\/orecc.fr\/forez\/wp-content\/uploads\/sites\/9\/2020\/04\/cropped-register-810546_640.jpg?fit=636%2C423&ssl=1\",\"datePublished\":\"2024-03-29T13:56:55+00:00\",\"dateModified\":\"2024-03-29T14:01:56+00:00\",\"description\":\"Depuis le 1er janvier 2024, ce dispositif d'exon\u00e9rations fiscales et sociales est ouvert \u00e0 une nouvelle cat\u00e9gorie d\u2019entreprise d\u00e9nomm\u00e9e (JEI)\",\"breadcrumb\":{\"@id\":\"https:\/\/orecc.fr\/forez\/le-regime-fiscal-des-jeunes-entreprises-innovantes-jei\/#breadcrumb\"},\"inLanguage\":\"fr-FR\",\"potentialAction\":[{\"@type\":\"ReadAction\",\"target\":[\"https:\/\/orecc.fr\/forez\/le-regime-fiscal-des-jeunes-entreprises-innovantes-jei\/\"]}]},{\"@type\":\"ImageObject\",\"inLanguage\":\"fr-FR\",\"@id\":\"https:\/\/orecc.fr\/forez\/le-regime-fiscal-des-jeunes-entreprises-innovantes-jei\/#primaryimage\",\"url\":\"https:\/\/i0.wp.com\/orecc.fr\/forez\/wp-content\/uploads\/sites\/9\/2020\/04\/cropped-register-810546_640.jpg?fit=636%2C423&ssl=1\",\"contentUrl\":\"https:\/\/i0.wp.com\/orecc.fr\/forez\/wp-content\/uploads\/sites\/9\/2020\/04\/cropped-register-810546_640.jpg?fit=636%2C423&ssl=1\",\"width\":636,\"height\":423},{\"@type\":\"BreadcrumbList\",\"@id\":\"https:\/\/orecc.fr\/forez\/le-regime-fiscal-des-jeunes-entreprises-innovantes-jei\/#breadcrumb\",\"itemListElement\":[{\"@type\":\"ListItem\",\"position\":1,\"name\":\"Accueil\",\"item\":\"https:\/\/orecc.fr\/forez\/\"},{\"@type\":\"ListItem\",\"position\":2,\"name\":\"Le r\u00e9gime fiscal des jeunes entreprises innovantes (JEI)\"}]},{\"@type\":\"WebSite\",\"@id\":\"https:\/\/orecc.fr\/forez\/#website\",\"url\":\"https:\/\/orecc.fr\/forez\/\",\"name\":\"ORECC Forez Montbrison Savigneux - Expert comptable\",\"description\":\"Expertise Comptable Nouvelle G\u00e9n\u00e9ration\",\"publisher\":{\"@id\":\"https:\/\/orecc.fr\/forez\/#organization\"},\"potentialAction\":[{\"@type\":\"SearchAction\",\"target\":{\"@type\":\"EntryPoint\",\"urlTemplate\":\"https:\/\/orecc.fr\/forez\/?s={search_term_string}\"},\"query-input\":{\"@type\":\"PropertyValueSpecification\",\"valueRequired\":true,\"valueName\":\"search_term_string\"}}],\"inLanguage\":\"fr-FR\"},{\"@type\":\"Organization\",\"@id\":\"https:\/\/orecc.fr\/forez\/#organization\",\"name\":\"ORECC Forez\",\"alternateName\":\"ORECC\",\"url\":\"https:\/\/orecc.fr\/forez\/\",\"logo\":{\"@type\":\"ImageObject\",\"inLanguage\":\"fr-FR\",\"@id\":\"https:\/\/orecc.fr\/forez\/#\/schema\/logo\/image\/\",\"url\":\"https:\/\/i0.wp.com\/orecc.fr\/forez\/wp-content\/uploads\/sites\/9\/2023\/01\/cropped-logo-Experiens-Orecc-transparent-e1672742742504.png?fit=1000%2C1000&ssl=1\",\"contentUrl\":\"https:\/\/i0.wp.com\/orecc.fr\/forez\/wp-content\/uploads\/sites\/9\/2023\/01\/cropped-logo-Experiens-Orecc-transparent-e1672742742504.png?fit=1000%2C1000&ssl=1\",\"width\":1000,\"height\":1000,\"caption\":\"ORECC Forez\"},\"image\":{\"@id\":\"https:\/\/orecc.fr\/forez\/#\/schema\/logo\/image\/\"},\"sameAs\":[\"https:\/\/x.com\/orecc\",\"https:\/\/www.linkedin.com\/in\/orecc-forez-801174135\"]},{\"@type\":\"Person\",\"@id\":\"https:\/\/orecc.fr\/forez\/#\/schema\/person\/8d4519f902ecc417ecf97ef72fbd937d\",\"name\":\"oreccforezediteur\",\"image\":{\"@type\":\"ImageObject\",\"inLanguage\":\"fr-FR\",\"@id\":\"https:\/\/orecc.fr\/forez\/#\/schema\/person\/image\/\",\"url\":\"https:\/\/secure.gravatar.com\/avatar\/f3d8371078332c5af4f2e79f9ffcd0f3?s=96&d=mm&r=g\",\"contentUrl\":\"https:\/\/secure.gravatar.com\/avatar\/f3d8371078332c5af4f2e79f9ffcd0f3?s=96&d=mm&r=g\",\"caption\":\"oreccforezediteur\"},\"url\":\"https:\/\/orecc.fr\/forez\/author\/oreccforezediteur\/\"}]}<\/script>\n<!-- \/ Yoast SEO plugin. -->","yoast_head_json":{"title":"Le r\u00e9gime fiscal des jeunes entreprises innovantes (JEI) - ORECC Forez Montbrison Savigneux - Expert comptable","description":"Depuis le 1er janvier 2024, ce dispositif d'exon\u00e9rations fiscales et sociales est ouvert \u00e0 une nouvelle cat\u00e9gorie d\u2019entreprise d\u00e9nomm\u00e9e (JEI)","robots":{"index":"index","follow":"follow","max-snippet":"max-snippet:-1","max-image-preview":"max-image-preview:large","max-video-preview":"max-video-preview:-1"},"canonical":"https:\/\/orecc.fr\/forez\/le-regime-fiscal-des-jeunes-entreprises-innovantes-jei\/","og_locale":"fr_FR","og_type":"article","og_title":"Le r\u00e9gime fiscal des jeunes entreprises innovantes (JEI) - ORECC Forez Montbrison Savigneux - Expert comptable","og_description":"Depuis le 1er janvier 2024, ce dispositif d'exon\u00e9rations fiscales et sociales est ouvert \u00e0 une nouvelle cat\u00e9gorie d\u2019entreprise d\u00e9nomm\u00e9e (JEI)","og_url":"https:\/\/orecc.fr\/forez\/le-regime-fiscal-des-jeunes-entreprises-innovantes-jei\/","og_site_name":"ORECC Forez Montbrison Savigneux - Expert comptable","article_published_time":"2024-03-29T13:56:55+00:00","article_modified_time":"2024-03-29T14:01:56+00:00","og_image":[{"width":636,"height":423,"url":"https:\/\/orecc.fr\/forez\/wp-content\/uploads\/sites\/9\/2020\/04\/cropped-register-810546_640.jpg","type":"image\/jpeg"}],"author":"oreccforezediteur","twitter_card":"summary_large_image","twitter_creator":"@orecc","twitter_site":"@orecc","twitter_misc":{"\u00c9crit par":"oreccforezediteur","Dur\u00e9e de lecture estim\u00e9e":"1 minute"},"schema":{"@context":"https:\/\/schema.org","@graph":[{"@type":"Article","@id":"https:\/\/orecc.fr\/forez\/le-regime-fiscal-des-jeunes-entreprises-innovantes-jei\/#article","isPartOf":{"@id":"https:\/\/orecc.fr\/forez\/le-regime-fiscal-des-jeunes-entreprises-innovantes-jei\/"},"author":{"name":"oreccforezediteur","@id":"https:\/\/orecc.fr\/forez\/#\/schema\/person\/8d4519f902ecc417ecf97ef72fbd937d"},"headline":"Le r\u00e9gime fiscal des jeunes entreprises innovantes (JEI)","datePublished":"2024-03-29T13:56:55+00:00","dateModified":"2024-03-29T14:01:56+00:00","mainEntityOfPage":{"@id":"https:\/\/orecc.fr\/forez\/le-regime-fiscal-des-jeunes-entreprises-innovantes-jei\/"},"wordCount":79,"publisher":{"@id":"https:\/\/orecc.fr\/forez\/#organization"},"image":{"@id":"https:\/\/orecc.fr\/forez\/le-regime-fiscal-des-jeunes-entreprises-innovantes-jei\/#primaryimage"},"thumbnailUrl":"https:\/\/i0.wp.com\/orecc.fr\/forez\/wp-content\/uploads\/sites\/9\/2020\/04\/cropped-register-810546_640.jpg?fit=636%2C423&ssl=1","keywords":["JEI","jeune entreprie","r\u00e9gime fiscal"],"articleSection":["BLOG"],"inLanguage":"fr-FR"},{"@type":"WebPage","@id":"https:\/\/orecc.fr\/forez\/le-regime-fiscal-des-jeunes-entreprises-innovantes-jei\/","url":"https:\/\/orecc.fr\/forez\/le-regime-fiscal-des-jeunes-entreprises-innovantes-jei\/","name":"Le r\u00e9gime fiscal des jeunes entreprises innovantes (JEI) - ORECC Forez Montbrison Savigneux - Expert comptable","isPartOf":{"@id":"https:\/\/orecc.fr\/forez\/#website"},"primaryImageOfPage":{"@id":"https:\/\/orecc.fr\/forez\/le-regime-fiscal-des-jeunes-entreprises-innovantes-jei\/#primaryimage"},"image":{"@id":"https:\/\/orecc.fr\/forez\/le-regime-fiscal-des-jeunes-entreprises-innovantes-jei\/#primaryimage"},"thumbnailUrl":"https:\/\/i0.wp.com\/orecc.fr\/forez\/wp-content\/uploads\/sites\/9\/2020\/04\/cropped-register-810546_640.jpg?fit=636%2C423&ssl=1","datePublished":"2024-03-29T13:56:55+00:00","dateModified":"2024-03-29T14:01:56+00:00","description":"Depuis le 1er janvier 2024, ce dispositif d'exon\u00e9rations fiscales et sociales est ouvert \u00e0 une nouvelle cat\u00e9gorie d\u2019entreprise d\u00e9nomm\u00e9e (JEI)","breadcrumb":{"@id":"https:\/\/orecc.fr\/forez\/le-regime-fiscal-des-jeunes-entreprises-innovantes-jei\/#breadcrumb"},"inLanguage":"fr-FR","potentialAction":[{"@type":"ReadAction","target":["https:\/\/orecc.fr\/forez\/le-regime-fiscal-des-jeunes-entreprises-innovantes-jei\/"]}]},{"@type":"ImageObject","inLanguage":"fr-FR","@id":"https:\/\/orecc.fr\/forez\/le-regime-fiscal-des-jeunes-entreprises-innovantes-jei\/#primaryimage","url":"https:\/\/i0.wp.com\/orecc.fr\/forez\/wp-content\/uploads\/sites\/9\/2020\/04\/cropped-register-810546_640.jpg?fit=636%2C423&ssl=1","contentUrl":"https:\/\/i0.wp.com\/orecc.fr\/forez\/wp-content\/uploads\/sites\/9\/2020\/04\/cropped-register-810546_640.jpg?fit=636%2C423&ssl=1","width":636,"height":423},{"@type":"BreadcrumbList","@id":"https:\/\/orecc.fr\/forez\/le-regime-fiscal-des-jeunes-entreprises-innovantes-jei\/#breadcrumb","itemListElement":[{"@type":"ListItem","position":1,"name":"Accueil","item":"https:\/\/orecc.fr\/forez\/"},{"@type":"ListItem","position":2,"name":"Le r\u00e9gime fiscal des jeunes entreprises innovantes (JEI)"}]},{"@type":"WebSite","@id":"https:\/\/orecc.fr\/forez\/#website","url":"https:\/\/orecc.fr\/forez\/","name":"ORECC Forez Montbrison Savigneux - Expert comptable","description":"Expertise Comptable Nouvelle G\u00e9n\u00e9ration","publisher":{"@id":"https:\/\/orecc.fr\/forez\/#organization"},"potentialAction":[{"@type":"SearchAction","target":{"@type":"EntryPoint","urlTemplate":"https:\/\/orecc.fr\/forez\/?s={search_term_string}"},"query-input":{"@type":"PropertyValueSpecification","valueRequired":true,"valueName":"search_term_string"}}],"inLanguage":"fr-FR"},{"@type":"Organization","@id":"https:\/\/orecc.fr\/forez\/#organization","name":"ORECC Forez","alternateName":"ORECC","url":"https:\/\/orecc.fr\/forez\/","logo":{"@type":"ImageObject","inLanguage":"fr-FR","@id":"https:\/\/orecc.fr\/forez\/#\/schema\/logo\/image\/","url":"https:\/\/i0.wp.com\/orecc.fr\/forez\/wp-content\/uploads\/sites\/9\/2023\/01\/cropped-logo-Experiens-Orecc-transparent-e1672742742504.png?fit=1000%2C1000&ssl=1","contentUrl":"https:\/\/i0.wp.com\/orecc.fr\/forez\/wp-content\/uploads\/sites\/9\/2023\/01\/cropped-logo-Experiens-Orecc-transparent-e1672742742504.png?fit=1000%2C1000&ssl=1","width":1000,"height":1000,"caption":"ORECC Forez"},"image":{"@id":"https:\/\/orecc.fr\/forez\/#\/schema\/logo\/image\/"},"sameAs":["https:\/\/x.com\/orecc","https:\/\/www.linkedin.com\/in\/orecc-forez-801174135"]},{"@type":"Person","@id":"https:\/\/orecc.fr\/forez\/#\/schema\/person\/8d4519f902ecc417ecf97ef72fbd937d","name":"oreccforezediteur","image":{"@type":"ImageObject","inLanguage":"fr-FR","@id":"https:\/\/orecc.fr\/forez\/#\/schema\/person\/image\/","url":"https:\/\/secure.gravatar.com\/avatar\/f3d8371078332c5af4f2e79f9ffcd0f3?s=96&d=mm&r=g","contentUrl":"https:\/\/secure.gravatar.com\/avatar\/f3d8371078332c5af4f2e79f9ffcd0f3?s=96&d=mm&r=g","caption":"oreccforezediteur"},"url":"https:\/\/orecc.fr\/forez\/author\/oreccforezediteur\/"}]}},"jetpack_featured_media_url":"https:\/\/i0.wp.com\/orecc.fr\/forez\/wp-content\/uploads\/sites\/9\/2020\/04\/cropped-register-810546_640.jpg?fit=636%2C423&ssl=1","jetpack_sharing_enabled":true,"jetpack_shortlink":"https:\/\/wp.me\/paPBAg-Lm","jetpack-related-posts":[],"_links":{"self":[{"href":"https:\/\/orecc.fr\/forez\/wp-json\/wp\/v2\/posts\/2936"}],"collection":[{"href":"https:\/\/orecc.fr\/forez\/wp-json\/wp\/v2\/posts"}],"about":[{"href":"https:\/\/orecc.fr\/forez\/wp-json\/wp\/v2\/types\/post"}],"author":[{"embeddable":true,"href":"https:\/\/orecc.fr\/forez\/wp-json\/wp\/v2\/users\/4"}],"replies":[{"embeddable":true,"href":"https:\/\/orecc.fr\/forez\/wp-json\/wp\/v2\/comments?post=2936"}],"version-history":[{"count":3,"href":"https:\/\/orecc.fr\/forez\/wp-json\/wp\/v2\/posts\/2936\/revisions"}],"predecessor-version":[{"id":2939,"href":"https:\/\/orecc.fr\/forez\/wp-json\/wp\/v2\/posts\/2936\/revisions\/2939"}],"wp:featuredmedia":[{"embeddable":true,"href":"https:\/\/orecc.fr\/forez\/wp-json\/wp\/v2\/media\/1550"}],"wp:attachment":[{"href":"https:\/\/orecc.fr\/forez\/wp-json\/wp\/v2\/media?parent=2936"}],"wp:term":[{"taxonomy":"category","embeddable":true,"href":"https:\/\/orecc.fr\/forez\/wp-json\/wp\/v2\/categories?post=2936"},{"taxonomy":"post_tag","embeddable":true,"href":"https:\/\/orecc.fr\/forez\/wp-json\/wp\/v2\/tags?post=2936"}],"curies":[{"name":"wp","href":"https:\/\/api.w.org\/{rel}","templated":true}]}}