{"id":2921,"date":"2024-03-11T10:58:39","date_gmt":"2024-03-11T10:58:39","guid":{"rendered":"https:\/\/orecc.fr\/forez\/?p=2921"},"modified":"2024-03-11T10:58:44","modified_gmt":"2024-03-11T10:58:44","slug":"la-loi-relative-au-partage-de-la-valeur","status":"publish","type":"post","link":"https:\/\/orecc.fr\/forez\/la-loi-relative-au-partage-de-la-valeur\/","title":{"rendered":"La loi relative au partage de la valeur"},"content":{"rendered":"\n<p>La loi n\u00b0&nbsp;2023-1107 du 29 novembre 2023 portant transposition de l\u2019accord national interprofessionnel sur le partage de la valeur en entreprise est entr\u00e9e en vigueur le 1er&nbsp;d\u00e9cembre. Cet accord a pour objectif de <strong>dynamiser le partage de la valeur en entreprise<\/strong>, tout en rappelant le principe de non-substitution, en vertu duquel les sommes vers\u00e9es au titre du partage de la valeur ne doivent pas se substituer aux salaires. Dans cet objectif, il apporte des modifications au dispositif de la Prime Partage de la Valeur d\u00e9j\u00e0 en vigueur et cr\u00e9e deux nouveaux instruments collectifs de partage de la valeur permettant \u00e0 l\u2019employeur de verser aux salari\u00e9s de l\u2019entreprise des sommes exon\u00e9r\u00e9es de charges sociales.<\/p>\n\n\n\n<p><strong>La prime partage de la valeur<\/strong> <\/p>\n\n\n\n<ul class=\"wp-block-list\">\n<li>Possibilit\u00e9 de verser 2 primes par ann\u00e9e civile ;<\/li>\n\n\n\n<li>Possibilit\u00e9 de fractionner le versement (dans la limite de 4 fractions) ;<\/li>\n\n\n\n<li>Maintien des plafonds d\u2019exon\u00e9ration (3 000.00 \u20ac ou 6 000.00 \u20ac) ;<\/li>\n\n\n\n<li>Maintien du r\u00e9gime d\u2019exon\u00e9ration jusqu\u2019en d\u00e9cembre 2026 dans les entreprises de &#8211; 50 salari\u00e9s ;<\/li>\n\n\n\n<li>Possibilit\u00e9 de placer tout ou partie de la PPV sur un plan d\u2019\u00e9pargne salariale ou un plan d\u2019\u00e9pargne retraite.<\/li>\n<\/ul>\n\n\n\n<p><a href=\"https:\/\/orecc.fr\/forez\/wp-content\/uploads\/sites\/9\/2024\/03\/La-loi-relative-au-partage-de-la-valeur.pdf\">T\u00e9l\u00e9charger\u00a0l\u2019article<\/a><\/p>\n","protected":false},"excerpt":{"rendered":"<p>La loi n\u00b0&nbsp;2023-1107 du 29 novembre 2023 portant transposition de l\u2019accord national interprofessionnel sur le partage de la valeur en entreprise est entr\u00e9e en vigueur le 1er&nbsp;d\u00e9cembre. Cet accord a pour objectif de dynamiser le partage de la valeur en entreprise, tout en rappelant le principe de non-substitution, en vertu duquel les sommes vers\u00e9es au [&hellip;]<\/p>\n","protected":false},"author":4,"featured_media":2925,"comment_status":"closed","ping_status":"open","sticky":false,"template":"","format":"standard","meta":{"jetpack_post_was_ever_published":false,"footnotes":""},"categories":[1],"tags":[52,53,55,48],"class_list":["post-2921","post","type-post","status-publish","format-standard","has-post-thumbnail","hentry","category-blog","tag-loi","tag-partage","tag-ppv","tag-prime"],"yoast_head":"<!-- This site is optimized with the Yoast SEO plugin v23.5 - https:\/\/yoast.com\/wordpress\/plugins\/seo\/ -->\n<title>La loi relative au partage de la valeur - ORECC Forez Montbrison Savigneux - Expert comptable<\/title>\n<meta name=\"description\" content=\"la loi n\u00b02023-1107 du 29 novembre 2023 am\u00e9liore l\u2019accessibilit\u00e9 aux dispositifs d\u2019\u00e9pargne salariale.\" \/>\n<meta name=\"robots\" content=\"index, follow, max-snippet:-1, max-image-preview:large, max-video-preview:-1\" \/>\n<link rel=\"canonical\" href=\"https:\/\/orecc.fr\/forez\/la-loi-relative-au-partage-de-la-valeur\/\" \/>\n<meta property=\"og:locale\" content=\"fr_FR\" \/>\n<meta property=\"og:type\" content=\"article\" \/>\n<meta property=\"og:title\" content=\"La loi relative au partage de la valeur - ORECC Forez Montbrison Savigneux - Expert comptable\" \/>\n<meta property=\"og:description\" content=\"la loi n\u00b02023-1107 du 29 novembre 2023 am\u00e9liore l\u2019accessibilit\u00e9 aux dispositifs d\u2019\u00e9pargne salariale.\" \/>\n<meta property=\"og:url\" content=\"https:\/\/orecc.fr\/forez\/la-loi-relative-au-partage-de-la-valeur\/\" \/>\n<meta property=\"og:site_name\" content=\"ORECC Forez Montbrison Savigneux - Expert comptable\" \/>\n<meta property=\"article:published_time\" content=\"2024-03-11T10:58:39+00:00\" \/>\n<meta property=\"article:modified_time\" content=\"2024-03-11T10:58:44+00:00\" \/>\n<meta property=\"og:image\" content=\"https:\/\/orecc.fr\/forez\/wp-content\/uploads\/sites\/9\/2024\/03\/Light-Beige-and-White-Simple-2024-Year-Planner-Calendar.jpg\" \/>\n\t<meta property=\"og:image:width\" content=\"1920\" \/>\n\t<meta property=\"og:image:height\" content=\"1080\" \/>\n\t<meta property=\"og:image:type\" content=\"image\/jpeg\" \/>\n<meta name=\"author\" content=\"oreccforezediteur\" \/>\n<meta name=\"twitter:card\" content=\"summary_large_image\" \/>\n<meta name=\"twitter:creator\" content=\"@orecc\" \/>\n<meta name=\"twitter:site\" content=\"@orecc\" \/>\n<meta name=\"twitter:label1\" content=\"\u00c9crit par\" \/>\n\t<meta name=\"twitter:data1\" content=\"oreccforezediteur\" \/>\n\t<meta name=\"twitter:label2\" content=\"Dur\u00e9e de lecture estim\u00e9e\" \/>\n\t<meta name=\"twitter:data2\" content=\"2 minutes\" \/>\n<script type=\"application\/ld+json\" class=\"yoast-schema-graph\">{\"@context\":\"https:\/\/schema.org\",\"@graph\":[{\"@type\":\"Article\",\"@id\":\"https:\/\/orecc.fr\/forez\/la-loi-relative-au-partage-de-la-valeur\/#article\",\"isPartOf\":{\"@id\":\"https:\/\/orecc.fr\/forez\/la-loi-relative-au-partage-de-la-valeur\/\"},\"author\":{\"name\":\"oreccforezediteur\",\"@id\":\"https:\/\/orecc.fr\/forez\/#\/schema\/person\/8d4519f902ecc417ecf97ef72fbd937d\"},\"headline\":\"La loi relative au partage de la valeur\",\"datePublished\":\"2024-03-11T10:58:39+00:00\",\"dateModified\":\"2024-03-11T10:58:44+00:00\",\"mainEntityOfPage\":{\"@id\":\"https:\/\/orecc.fr\/forez\/la-loi-relative-au-partage-de-la-valeur\/\"},\"wordCount\":208,\"publisher\":{\"@id\":\"https:\/\/orecc.fr\/forez\/#organization\"},\"image\":{\"@id\":\"https:\/\/orecc.fr\/forez\/la-loi-relative-au-partage-de-la-valeur\/#primaryimage\"},\"thumbnailUrl\":\"https:\/\/i0.wp.com\/orecc.fr\/forez\/wp-content\/uploads\/sites\/9\/2024\/03\/Light-Beige-and-White-Simple-2024-Year-Planner-Calendar.jpg?fit=1920%2C1080&ssl=1\",\"keywords\":[\"loi\",\"partage\",\"PPV\",\"prime\"],\"articleSection\":[\"BLOG\"],\"inLanguage\":\"fr-FR\"},{\"@type\":\"WebPage\",\"@id\":\"https:\/\/orecc.fr\/forez\/la-loi-relative-au-partage-de-la-valeur\/\",\"url\":\"https:\/\/orecc.fr\/forez\/la-loi-relative-au-partage-de-la-valeur\/\",\"name\":\"La loi relative au partage de la valeur - ORECC Forez Montbrison Savigneux - Expert comptable\",\"isPartOf\":{\"@id\":\"https:\/\/orecc.fr\/forez\/#website\"},\"primaryImageOfPage\":{\"@id\":\"https:\/\/orecc.fr\/forez\/la-loi-relative-au-partage-de-la-valeur\/#primaryimage\"},\"image\":{\"@id\":\"https:\/\/orecc.fr\/forez\/la-loi-relative-au-partage-de-la-valeur\/#primaryimage\"},\"thumbnailUrl\":\"https:\/\/i0.wp.com\/orecc.fr\/forez\/wp-content\/uploads\/sites\/9\/2024\/03\/Light-Beige-and-White-Simple-2024-Year-Planner-Calendar.jpg?fit=1920%2C1080&ssl=1\",\"datePublished\":\"2024-03-11T10:58:39+00:00\",\"dateModified\":\"2024-03-11T10:58:44+00:00\",\"description\":\"la loi n\u00b02023-1107 du 29 novembre 2023 am\u00e9liore l\u2019accessibilit\u00e9 aux dispositifs d\u2019\u00e9pargne salariale.\",\"breadcrumb\":{\"@id\":\"https:\/\/orecc.fr\/forez\/la-loi-relative-au-partage-de-la-valeur\/#breadcrumb\"},\"inLanguage\":\"fr-FR\",\"potentialAction\":[{\"@type\":\"ReadAction\",\"target\":[\"https:\/\/orecc.fr\/forez\/la-loi-relative-au-partage-de-la-valeur\/\"]}]},{\"@type\":\"ImageObject\",\"inLanguage\":\"fr-FR\",\"@id\":\"https:\/\/orecc.fr\/forez\/la-loi-relative-au-partage-de-la-valeur\/#primaryimage\",\"url\":\"https:\/\/i0.wp.com\/orecc.fr\/forez\/wp-content\/uploads\/sites\/9\/2024\/03\/Light-Beige-and-White-Simple-2024-Year-Planner-Calendar.jpg?fit=1920%2C1080&ssl=1\",\"contentUrl\":\"https:\/\/i0.wp.com\/orecc.fr\/forez\/wp-content\/uploads\/sites\/9\/2024\/03\/Light-Beige-and-White-Simple-2024-Year-Planner-Calendar.jpg?fit=1920%2C1080&ssl=1\",\"width\":1920,\"height\":1080},{\"@type\":\"BreadcrumbList\",\"@id\":\"https:\/\/orecc.fr\/forez\/la-loi-relative-au-partage-de-la-valeur\/#breadcrumb\",\"itemListElement\":[{\"@type\":\"ListItem\",\"position\":1,\"name\":\"Accueil\",\"item\":\"https:\/\/orecc.fr\/forez\/\"},{\"@type\":\"ListItem\",\"position\":2,\"name\":\"La loi relative au partage de la valeur\"}]},{\"@type\":\"WebSite\",\"@id\":\"https:\/\/orecc.fr\/forez\/#website\",\"url\":\"https:\/\/orecc.fr\/forez\/\",\"name\":\"ORECC Forez Montbrison Savigneux - Expert comptable\",\"description\":\"Expertise Comptable Nouvelle G\u00e9n\u00e9ration\",\"publisher\":{\"@id\":\"https:\/\/orecc.fr\/forez\/#organization\"},\"potentialAction\":[{\"@type\":\"SearchAction\",\"target\":{\"@type\":\"EntryPoint\",\"urlTemplate\":\"https:\/\/orecc.fr\/forez\/?s={search_term_string}\"},\"query-input\":{\"@type\":\"PropertyValueSpecification\",\"valueRequired\":true,\"valueName\":\"search_term_string\"}}],\"inLanguage\":\"fr-FR\"},{\"@type\":\"Organization\",\"@id\":\"https:\/\/orecc.fr\/forez\/#organization\",\"name\":\"ORECC Forez\",\"alternateName\":\"ORECC\",\"url\":\"https:\/\/orecc.fr\/forez\/\",\"logo\":{\"@type\":\"ImageObject\",\"inLanguage\":\"fr-FR\",\"@id\":\"https:\/\/orecc.fr\/forez\/#\/schema\/logo\/image\/\",\"url\":\"https:\/\/i0.wp.com\/orecc.fr\/forez\/wp-content\/uploads\/sites\/9\/2023\/01\/cropped-logo-Experiens-Orecc-transparent-e1672742742504.png?fit=1000%2C1000&ssl=1\",\"contentUrl\":\"https:\/\/i0.wp.com\/orecc.fr\/forez\/wp-content\/uploads\/sites\/9\/2023\/01\/cropped-logo-Experiens-Orecc-transparent-e1672742742504.png?fit=1000%2C1000&ssl=1\",\"width\":1000,\"height\":1000,\"caption\":\"ORECC Forez\"},\"image\":{\"@id\":\"https:\/\/orecc.fr\/forez\/#\/schema\/logo\/image\/\"},\"sameAs\":[\"https:\/\/x.com\/orecc\",\"https:\/\/www.linkedin.com\/in\/orecc-forez-801174135\"]},{\"@type\":\"Person\",\"@id\":\"https:\/\/orecc.fr\/forez\/#\/schema\/person\/8d4519f902ecc417ecf97ef72fbd937d\",\"name\":\"oreccforezediteur\",\"image\":{\"@type\":\"ImageObject\",\"inLanguage\":\"fr-FR\",\"@id\":\"https:\/\/orecc.fr\/forez\/#\/schema\/person\/image\/\",\"url\":\"https:\/\/secure.gravatar.com\/avatar\/f3d8371078332c5af4f2e79f9ffcd0f3?s=96&d=mm&r=g\",\"contentUrl\":\"https:\/\/secure.gravatar.com\/avatar\/f3d8371078332c5af4f2e79f9ffcd0f3?s=96&d=mm&r=g\",\"caption\":\"oreccforezediteur\"},\"url\":\"https:\/\/orecc.fr\/forez\/author\/oreccforezediteur\/\"}]}<\/script>\n<!-- \/ Yoast SEO plugin. -->","yoast_head_json":{"title":"La loi relative au partage de la valeur - ORECC Forez Montbrison Savigneux - Expert comptable","description":"la loi n\u00b02023-1107 du 29 novembre 2023 am\u00e9liore l\u2019accessibilit\u00e9 aux dispositifs d\u2019\u00e9pargne salariale.","robots":{"index":"index","follow":"follow","max-snippet":"max-snippet:-1","max-image-preview":"max-image-preview:large","max-video-preview":"max-video-preview:-1"},"canonical":"https:\/\/orecc.fr\/forez\/la-loi-relative-au-partage-de-la-valeur\/","og_locale":"fr_FR","og_type":"article","og_title":"La loi relative au partage de la valeur - ORECC Forez Montbrison Savigneux - Expert comptable","og_description":"la loi n\u00b02023-1107 du 29 novembre 2023 am\u00e9liore l\u2019accessibilit\u00e9 aux dispositifs d\u2019\u00e9pargne salariale.","og_url":"https:\/\/orecc.fr\/forez\/la-loi-relative-au-partage-de-la-valeur\/","og_site_name":"ORECC Forez Montbrison Savigneux - Expert comptable","article_published_time":"2024-03-11T10:58:39+00:00","article_modified_time":"2024-03-11T10:58:44+00:00","og_image":[{"width":1920,"height":1080,"url":"https:\/\/orecc.fr\/forez\/wp-content\/uploads\/sites\/9\/2024\/03\/Light-Beige-and-White-Simple-2024-Year-Planner-Calendar.jpg","type":"image\/jpeg"}],"author":"oreccforezediteur","twitter_card":"summary_large_image","twitter_creator":"@orecc","twitter_site":"@orecc","twitter_misc":{"\u00c9crit par":"oreccforezediteur","Dur\u00e9e de lecture estim\u00e9e":"2 minutes"},"schema":{"@context":"https:\/\/schema.org","@graph":[{"@type":"Article","@id":"https:\/\/orecc.fr\/forez\/la-loi-relative-au-partage-de-la-valeur\/#article","isPartOf":{"@id":"https:\/\/orecc.fr\/forez\/la-loi-relative-au-partage-de-la-valeur\/"},"author":{"name":"oreccforezediteur","@id":"https:\/\/orecc.fr\/forez\/#\/schema\/person\/8d4519f902ecc417ecf97ef72fbd937d"},"headline":"La loi relative au partage de la valeur","datePublished":"2024-03-11T10:58:39+00:00","dateModified":"2024-03-11T10:58:44+00:00","mainEntityOfPage":{"@id":"https:\/\/orecc.fr\/forez\/la-loi-relative-au-partage-de-la-valeur\/"},"wordCount":208,"publisher":{"@id":"https:\/\/orecc.fr\/forez\/#organization"},"image":{"@id":"https:\/\/orecc.fr\/forez\/la-loi-relative-au-partage-de-la-valeur\/#primaryimage"},"thumbnailUrl":"https:\/\/i0.wp.com\/orecc.fr\/forez\/wp-content\/uploads\/sites\/9\/2024\/03\/Light-Beige-and-White-Simple-2024-Year-Planner-Calendar.jpg?fit=1920%2C1080&ssl=1","keywords":["loi","partage","PPV","prime"],"articleSection":["BLOG"],"inLanguage":"fr-FR"},{"@type":"WebPage","@id":"https:\/\/orecc.fr\/forez\/la-loi-relative-au-partage-de-la-valeur\/","url":"https:\/\/orecc.fr\/forez\/la-loi-relative-au-partage-de-la-valeur\/","name":"La loi relative au partage de la valeur - ORECC Forez Montbrison Savigneux - Expert comptable","isPartOf":{"@id":"https:\/\/orecc.fr\/forez\/#website"},"primaryImageOfPage":{"@id":"https:\/\/orecc.fr\/forez\/la-loi-relative-au-partage-de-la-valeur\/#primaryimage"},"image":{"@id":"https:\/\/orecc.fr\/forez\/la-loi-relative-au-partage-de-la-valeur\/#primaryimage"},"thumbnailUrl":"https:\/\/i0.wp.com\/orecc.fr\/forez\/wp-content\/uploads\/sites\/9\/2024\/03\/Light-Beige-and-White-Simple-2024-Year-Planner-Calendar.jpg?fit=1920%2C1080&ssl=1","datePublished":"2024-03-11T10:58:39+00:00","dateModified":"2024-03-11T10:58:44+00:00","description":"la loi n\u00b02023-1107 du 29 novembre 2023 am\u00e9liore l\u2019accessibilit\u00e9 aux dispositifs d\u2019\u00e9pargne salariale.","breadcrumb":{"@id":"https:\/\/orecc.fr\/forez\/la-loi-relative-au-partage-de-la-valeur\/#breadcrumb"},"inLanguage":"fr-FR","potentialAction":[{"@type":"ReadAction","target":["https:\/\/orecc.fr\/forez\/la-loi-relative-au-partage-de-la-valeur\/"]}]},{"@type":"ImageObject","inLanguage":"fr-FR","@id":"https:\/\/orecc.fr\/forez\/la-loi-relative-au-partage-de-la-valeur\/#primaryimage","url":"https:\/\/i0.wp.com\/orecc.fr\/forez\/wp-content\/uploads\/sites\/9\/2024\/03\/Light-Beige-and-White-Simple-2024-Year-Planner-Calendar.jpg?fit=1920%2C1080&ssl=1","contentUrl":"https:\/\/i0.wp.com\/orecc.fr\/forez\/wp-content\/uploads\/sites\/9\/2024\/03\/Light-Beige-and-White-Simple-2024-Year-Planner-Calendar.jpg?fit=1920%2C1080&ssl=1","width":1920,"height":1080},{"@type":"BreadcrumbList","@id":"https:\/\/orecc.fr\/forez\/la-loi-relative-au-partage-de-la-valeur\/#breadcrumb","itemListElement":[{"@type":"ListItem","position":1,"name":"Accueil","item":"https:\/\/orecc.fr\/forez\/"},{"@type":"ListItem","position":2,"name":"La loi relative au partage de la valeur"}]},{"@type":"WebSite","@id":"https:\/\/orecc.fr\/forez\/#website","url":"https:\/\/orecc.fr\/forez\/","name":"ORECC Forez Montbrison Savigneux - Expert comptable","description":"Expertise Comptable Nouvelle G\u00e9n\u00e9ration","publisher":{"@id":"https:\/\/orecc.fr\/forez\/#organization"},"potentialAction":[{"@type":"SearchAction","target":{"@type":"EntryPoint","urlTemplate":"https:\/\/orecc.fr\/forez\/?s={search_term_string}"},"query-input":{"@type":"PropertyValueSpecification","valueRequired":true,"valueName":"search_term_string"}}],"inLanguage":"fr-FR"},{"@type":"Organization","@id":"https:\/\/orecc.fr\/forez\/#organization","name":"ORECC Forez","alternateName":"ORECC","url":"https:\/\/orecc.fr\/forez\/","logo":{"@type":"ImageObject","inLanguage":"fr-FR","@id":"https:\/\/orecc.fr\/forez\/#\/schema\/logo\/image\/","url":"https:\/\/i0.wp.com\/orecc.fr\/forez\/wp-content\/uploads\/sites\/9\/2023\/01\/cropped-logo-Experiens-Orecc-transparent-e1672742742504.png?fit=1000%2C1000&ssl=1","contentUrl":"https:\/\/i0.wp.com\/orecc.fr\/forez\/wp-content\/uploads\/sites\/9\/2023\/01\/cropped-logo-Experiens-Orecc-transparent-e1672742742504.png?fit=1000%2C1000&ssl=1","width":1000,"height":1000,"caption":"ORECC Forez"},"image":{"@id":"https:\/\/orecc.fr\/forez\/#\/schema\/logo\/image\/"},"sameAs":["https:\/\/x.com\/orecc","https:\/\/www.linkedin.com\/in\/orecc-forez-801174135"]},{"@type":"Person","@id":"https:\/\/orecc.fr\/forez\/#\/schema\/person\/8d4519f902ecc417ecf97ef72fbd937d","name":"oreccforezediteur","image":{"@type":"ImageObject","inLanguage":"fr-FR","@id":"https:\/\/orecc.fr\/forez\/#\/schema\/person\/image\/","url":"https:\/\/secure.gravatar.com\/avatar\/f3d8371078332c5af4f2e79f9ffcd0f3?s=96&d=mm&r=g","contentUrl":"https:\/\/secure.gravatar.com\/avatar\/f3d8371078332c5af4f2e79f9ffcd0f3?s=96&d=mm&r=g","caption":"oreccforezediteur"},"url":"https:\/\/orecc.fr\/forez\/author\/oreccforezediteur\/"}]}},"jetpack_featured_media_url":"https:\/\/i0.wp.com\/orecc.fr\/forez\/wp-content\/uploads\/sites\/9\/2024\/03\/Light-Beige-and-White-Simple-2024-Year-Planner-Calendar.jpg?fit=1920%2C1080&ssl=1","jetpack_sharing_enabled":true,"jetpack_shortlink":"https:\/\/wp.me\/paPBAg-L7","jetpack-related-posts":[],"_links":{"self":[{"href":"https:\/\/orecc.fr\/forez\/wp-json\/wp\/v2\/posts\/2921"}],"collection":[{"href":"https:\/\/orecc.fr\/forez\/wp-json\/wp\/v2\/posts"}],"about":[{"href":"https:\/\/orecc.fr\/forez\/wp-json\/wp\/v2\/types\/post"}],"author":[{"embeddable":true,"href":"https:\/\/orecc.fr\/forez\/wp-json\/wp\/v2\/users\/4"}],"replies":[{"embeddable":true,"href":"https:\/\/orecc.fr\/forez\/wp-json\/wp\/v2\/comments?post=2921"}],"version-history":[{"count":4,"href":"https:\/\/orecc.fr\/forez\/wp-json\/wp\/v2\/posts\/2921\/revisions"}],"predecessor-version":[{"id":2927,"href":"https:\/\/orecc.fr\/forez\/wp-json\/wp\/v2\/posts\/2921\/revisions\/2927"}],"wp:featuredmedia":[{"embeddable":true,"href":"https:\/\/orecc.fr\/forez\/wp-json\/wp\/v2\/media\/2925"}],"wp:attachment":[{"href":"https:\/\/orecc.fr\/forez\/wp-json\/wp\/v2\/media?parent=2921"}],"wp:term":[{"taxonomy":"category","embeddable":true,"href":"https:\/\/orecc.fr\/forez\/wp-json\/wp\/v2\/categories?post=2921"},{"taxonomy":"post_tag","embeddable":true,"href":"https:\/\/orecc.fr\/forez\/wp-json\/wp\/v2\/tags?post=2921"}],"curies":[{"name":"wp","href":"https:\/\/api.w.org\/{rel}","templated":true}]}}