{"id":1892,"date":"2020-11-18T16:54:43","date_gmt":"2020-11-18T16:54:43","guid":{"rendered":"https:\/\/orecc.fr\/forez\/?p=1892"},"modified":"2021-02-11T16:24:33","modified_gmt":"2021-02-11T16:24:33","slug":"jusqua-10-000e-daides-details","status":"publish","type":"post","link":"https:\/\/orecc.fr\/forez\/jusqua-10-000e-daides-details\/","title":{"rendered":"Jusqu&rsquo;\u00e0 10 000\u20ac d&rsquo;aides : d\u00e9tails"},"content":{"rendered":"\n<p><br><br><br>Ch\u00e8res clientes, chers clients,<\/p>\n\n\n\n<p>Nous vous esp\u00e9rons en bonne forme, ainsi que vos proches.<br><\/p>\n\n\n\n<h3 class=\"has-text-align-center wp-block-heading\"><br><br>\u2714\ufe0f Les aides du fonds de solidarit\u00e9 peuvent atteindre jusqu\u2019\u00e0 10 000 \u20ac pour les entreprises de moins de 50 salari\u00e9s<br><br><br><\/h3>\n\n\n\n<p><strong>Les aides du fonds de solidarit\u00e9 peuvent d\u00e9sormais \u00eatre accord\u00e9es aux entreprises de moins de 50 salari\u00e9s et atteindre 10 000 \u20ac. Le dispositif est adapt\u00e9 aux entreprises affect\u00e9es par le couvre-feu et le confinement.<\/strong><\/p>\n\n\n\n<p>Les entreprises particuli\u00e8rement touch\u00e9es par les cons\u00e9quences \u00e9conomiques, financi\u00e8res et sociales de l\u2019\u00e9pid\u00e9mie de Covid-19 et par les mesures prises pour en limiter la propagation peuvent, depuis mars 2020, b\u00e9n\u00e9ficier d\u2019aides financi\u00e8res vers\u00e9es par le fonds de solidarit\u00e9, sous certaines conditions. Le dispositif a fait l\u2019objet de nombreuses retouches et adaptations depuis le mois de mars.<br><\/p>\n\n\n\n<p>Le d\u00e9cret du 2 novembre 2020, en modifiant \u00e0 nouveau le dispositif, met en \u0153uvre les\u00a0<strong>mesures d\u2019urgence<\/strong> annonc\u00e9es par le Ministre de l\u2019\u00e9conomie au cours de sa conf\u00e9rence de presse du 29 octobre 2020, cons\u00e9cutive \u00e0 l\u2019annonce du reconfinement en m\u00e9tropole.<br><\/p>\n\n\n\n<p>Rappelons que le dispositif s\u2019adresse aux commer\u00e7ants, artisans, professionnels lib\u00e9raux et autres agents \u00e9conomiques, quel que soit leur statut (y compris micro-entrepreneurs), agriculteurs membres d&rsquo;un groupement agricole d&rsquo;exploitation en commun (Gaec), ainsi qu&rsquo;aux artistes-auteurs. Le b\u00e9n\u00e9ficiaire peut pr\u00e9tendre \u00e0 :<br><br><\/p>\n\n\n\n<p>&#8211; une&nbsp;<strong>premi\u00e8re aide<\/strong>&nbsp;\u00e9gale au montant de la perte de chiffre d&rsquo;affaires et plafonn\u00e9e \u00e0 1 500 \u20ac, vers\u00e9e par la Direction g\u00e9n\u00e9rale des finances publiques (DGFiP), et qui peut \u00eatre demand\u00e9e chaque mois au titre duquel le fonds est ouvert ;<\/p>\n\n\n\n<p>&#8211; une&nbsp;<strong>aide compl\u00e9mentaire<\/strong>, pouvant aller jusqu&rsquo;\u00e0 10 000 \u20ac, vers\u00e9e par les r\u00e9gions aux entreprises les plus en difficult\u00e9, qui ne peut \u00eatre demand\u00e9e qu&rsquo;une seule fois ;<\/p>\n\n\n\n<p>&#8211; une&nbsp;<strong>aide additionnelle<\/strong>, d&rsquo;un montant maximal de 3 000 \u20ac, laiss\u00e9e \u00e0 l&rsquo;appr\u00e9ciation des collectivit\u00e9s locales et des \u00e9tablissements publics de coop\u00e9ration intercommunale \u00e0 fiscalit\u00e9 propre.<\/p>\n\n\n\n<p><br><br>\ud83d\udce3 <strong>A noter<\/strong>\u00a0: Ce dispositif est maintenu en l\u2019\u00e9tat par les articles 2 \u00e0 3-9 du d\u00e9cret 2020-371 du 30 mars 2020, tel qu\u2019amend\u00e9 par le d\u00e9cret 2020-1328 du 2 novembre 2020. Il concerne les\u00a0<strong>demandes d\u2019aides pour les mois de mars \u00e0 septembre<\/strong>\u00a02020, qui peuvent \u00eatre d\u00e9pos\u00e9es dans un d\u00e9lai de 2 mois \u00e0 compter de la fin de la p\u00e9riode concern\u00e9e.<\/p>\n\n\n\n<h3 class=\"has-text-align-center wp-block-heading\"><br><br><br>\u2714\ufe0f Une aide plus largement distribu\u00e9e<br><\/h3>\n\n\n\n<h4 class=\"wp-block-heading\"><br><br><br><em>Des crit\u00e8res d\u2019attribution assouplis \u2026<\/em><br><br><br><\/h4>\n\n\n\n<p>\u00c0 compter du mois d\u2019octobre 2020, les crit\u00e8res d\u2019attribution de l\u2019aide sont assouplis :<\/p>\n\n\n\n<p><br><br>&#8211; le\u00a0<strong>seuil d\u2019effectif<\/strong>\u00a0maximal est relev\u00e9 : sont d\u00e9sormais vis\u00e9es les personnes physiques et morales employant moins de 50 salari\u00e9s, au lieu de 10 ou 20 auparavant, selon leur secteur d\u2019activit\u00e9 ;<\/p>\n\n\n\n<p>&#8211; les&nbsp;<strong>entreprises contr\u00f4l\u00e9es par une holding<\/strong>&nbsp;sont \u00e9ligibles \u00e0 condition que l&rsquo;effectif cumul\u00e9 de la ou des filiales et de la holding soit inf\u00e9rieur \u00e0 50 salari\u00e9s ;<\/p>\n\n\n\n<p>&#8211; le b\u00e9n\u00e9ficiaire n\u2019a plus \u00e0 remplir de&nbsp;<strong>condition de chiffre d\u2019affaires<\/strong>&nbsp;ou de b\u00e9n\u00e9fices (pour rappel, le b\u00e9n\u00e9ficiaire devait auparavant justifier d\u2019un chiffre d\u2019affaires annuel inf\u00e9rieur \u00e0 1 ou 2 millions d\u2019euros, selon son secteur d\u2019activit\u00e9) ;<\/p>\n\n\n\n<p>&#8211; la&nbsp;<strong>date de cr\u00e9ation de l\u2019entreprise<\/strong>&nbsp;doit \u00eatre ant\u00e9rieure au 31 ao\u00fbt 2020 (au lieu du 10 mars 2020 auparavant) pour les pertes constat\u00e9es en septembre, et ant\u00e9rieure au 30 septembre 2020 pour les pertes constat\u00e9es en octobre.<\/p>\n\n\n\n<h4 class=\"wp-block-heading\"><br><br><br><em>\u2026 et une liste de secteurs d\u2019activit\u00e9s particuli\u00e8rement touch\u00e9s \u00e9toff\u00e9e<\/em><br><br><br><\/h4>\n\n\n\n<p>Certains secteurs d\u2019activit\u00e9 soumis \u00e0 des&nbsp;<strong>restrictions particuli\u00e8res d&rsquo;activit\u00e9<\/strong>, tels que l&rsquo;h\u00f4tellerie, la restauration, le tourisme, l&rsquo;\u00e9v\u00e9nementiel, le sport ou encore la culture b\u00e9n\u00e9ficient d\u2019aides plus importantes. Ils sont list\u00e9s dans l\u2019annexe 1 du d\u00e9cret 2020-371 du 30-3-2020. D\u2019autres secteurs, d\u00e9pendant des pr\u00e9c\u00e9dents, sont vis\u00e9s dans l\u2019annexe 2 du m\u00eame d\u00e9cret.<\/p>\n\n\n\n<p>Ces listes, qui ont d\u00e9j\u00e0 fait l\u2019objet de plusieurs modifications, sont \u00e0 nouveau remani\u00e9es. Sans reprendre l\u2019ensemble de ces modifications, qui sont accessibles sur&nbsp;<a href=\"https:\/\/www.legifrance.gouv.fr\/\" target=\"_blank\" rel=\"noreferrer noopener\">www.legifrance.fr<\/a>, signalons qu\u2019ont \u00e9t\u00e9 ajout\u00e9s \u00e0 l\u2019annexe 1 les secteurs suivants :<\/p>\n\n\n\n<p style=\"font-size:12px\">&#8211; conseil et assistance op\u00e9rationnelle apport\u00e9s aux entreprises et aux autres organisations de distribution de films cin\u00e9matographiques en mati\u00e8re de relations publiques et de communication ;<br>&#8211; f\u00eates foraines ;<br>&#8211; transports routiers r\u00e9guliers de voyageurs, autres transports routiers de voyageurs (au lieu de \u00ab cars et bus touristiques \u00bb)<br>&#8211; traducteurs \u2013 interpr\u00e8tes (transf\u00e9r\u00e9 depuis l\u2019annexe 2) ;<br>&#8211; prestation et location de chapiteaux, tentes, structures, sonorisation, photographie, lumi\u00e8re et pyrotechnie (transf\u00e9r\u00e9 depuis l\u2019annexe 2) ;<br>&#8211; transports de voyageurs par taxis et v\u00e9hicules de tourisme avec chauffeur (transf\u00e9r\u00e9 depuis l\u2019annexe 2) ;<br>&#8211; location de courte dur\u00e9e de voitures et de v\u00e9hicules automobiles l\u00e9gers (transf\u00e9r\u00e9 depuis l\u2019annexe 2) ;<br>&#8211; Fabrication de structures m\u00e9talliques et de parties de structures ;<br>&#8211; R\u00e9gie publicitaire de m\u00e9dias ;<br>&#8211; Accueils collectifs de mineurs en h\u00e9bergement touristique.<\/p>\n\n\n\n<h3 class=\"has-text-align-center wp-block-heading\"><br><br><br>\u2714\ufe0f Modalit\u00e9s d\u2019attribution et montant de l\u2019aide<br><br><br><\/h3>\n\n\n\n<p>En synth\u00e8se, le dispositif correspondant \u00e0 l\u2019<strong>aide de niveau 1<\/strong>&nbsp;est r\u00e9activ\u00e9 et \u00e9largi. Il est mis en \u0153uvre de mani\u00e8re diff\u00e9renci\u00e9e selon qu\u2019il s\u2019adresse :<\/p>\n\n\n\n<p>&#8211; aux&nbsp;<strong>entreprises et commerces ferm\u00e9s administrativement<\/strong>, qui pourront recevoir jusqu\u2019\u00e0 10 000 \u20ac d\u2019aide mensuelle quel que soit le secteur d\u2019activit\u00e9 et la situation g\u00e9ographique ;<\/p>\n\n\n\n<p>&#8211; aux&nbsp;<strong>entreprises restant ouvertes mais durablement touch\u00e9es par la crise<\/strong>, des secteurs du tourisme, \u00e9v\u00e9nementiel, culture, sport et des secteurs li\u00e9s, qui peuvent b\u00e9n\u00e9ficier d\u2019une aide allant jusqu\u2019\u00e0 10 000 \u20ac en cas de perte de chiffre d\u2019affaires d\u2019au moins 50 % ;<\/p>\n\n\n\n<p>&#8211; les&nbsp;<strong>autres entreprises restant ouvertes mais impact\u00e9es par le confinement<\/strong>, qui peuvent b\u00e9n\u00e9ficier d\u2019une aide mensuelle pouvant aller jusqu\u2019\u00e0 1 500 \u20ac en cas de perte de chiffre d\u2019affaires d\u2019au moins 50 %.<\/p>\n\n\n\n<h4 class=\"wp-block-heading\"><br><br><br><em>Entreprises ayant fait l\u2019objet d\u2019une interdiction d\u2019accueil du public<\/em><br><br><br><\/h4>\n\n\n\n<p>Les entreprises ayant fait l\u2019objet d\u2019une interdiction d\u2019accueil du public&nbsp;<strong>entre le 25 septembre et le 31 octobre 2020<\/strong>per\u00e7oivent une subvention \u00e9gale au montant de leur perte de chiffre d\u2019affaires (CA) dans la limite de 333 \u20ac par jour d\u2019interdiction (D\u00e9cret art. 3-10, I).<\/p>\n\n\n\n<p><br><strong>Exemple<\/strong>\u00a0: Ainsi, en pratique, pour une entreprise ouverte 7 jours sur 7 ayant subi une perte de CA du fait d\u2019une interdiction d\u2019accueil du public au mois d\u2019octobre, l\u2019aide devrait pouvoir atteindre 10 323 \u20ac.<\/p>\n\n\n\n<p>Les entreprises ayant fait l\u2019objet d\u2019une interdiction d\u2019accueil du public&nbsp;<strong>entre le 1<\/strong><strong><sup>er<\/sup><\/strong>&nbsp;<strong>novembre et le<br>30 novembre 2020<\/strong>\u2013 c\u2019est-\u00e0-dire pendant la p\u00e9riode de confinement d\u00e9cid\u00e9e par le Gouvernement \u2013per\u00e7oivent une aide \u00e9gale \u00e0 la perte de CA dans la limite de 10 000 \u20ac (D\u00e9cret art. 3-14, II).<\/p>\n\n\n\n<p><br><br>\ud83d\udce3 <strong>A noter<\/strong>\u00a0: Aucune\u00a0<strong>condition de perte de chiffre d\u2019affaires<\/strong>\u00a0n\u2019est donc exig\u00e9e des entreprises contraintes de fermer en raison du confinement, y compris pour celles qui feraient de la vente \u00e0 emporter.<br><\/p>\n\n\n\n<p>Cette perte est calcul\u00e9e de la mani\u00e8re suivante (D\u00e9cret art. 3-10, III et 3-14, III) :<br><br><br><\/p>\n\n\n\n<figure class=\"wp-block-table\"><table><tbody><tr><td><strong>Diff\u00e9rence entre colonne 1 et colonne 2<\/strong><\/td><\/tr><tr><td>CA r\u00e9alis\u00e9 pendant la p\u00e9riode d\u2019interdiction du public, \u00e0 l\u2019exception du CA r\u00e9alis\u00e9 sur la vente \u00e0 distance avec retrait en magasin ou livraison<\/td><td>CA durant la m\u00eame p\u00e9riode de l\u2019ann\u00e9e pr\u00e9c\u00e9dente<\/td><\/tr><tr><td>ou, si l\u2019entreprise le souhaite, CA mensuel moyen de 2019 ramen\u00e9 sur le nombre de jours d\u2019interdiction d\u2019accueil du public<\/td><\/tr><tr><td>ou, pour les entreprises cr\u00e9\u00e9es entre le 1-6-2019 et le 31-1-2020, CA mensuel moyen sur la p\u00e9riode comprise entre la date de cr\u00e9ation de l&rsquo;entreprise et le 29-2-2020 et ramen\u00e9 sur le nombre de jours d&rsquo;interdiction d&rsquo;accueil du public<\/td><\/tr><tr><td>ou, pour les entreprises cr\u00e9\u00e9es entre le 1-2-2020 et le 29-2-2020, CA r\u00e9alis\u00e9 en f\u00e9vrier 2020 et ramen\u00e9 sur le nombre de jours d&rsquo;interdiction d&rsquo;accueil du public<\/td><\/tr><tr><td>ou, pour les entreprises cr\u00e9\u00e9es apr\u00e8s le 1-3-2020, CA mensuel moyen r\u00e9alis\u00e9 entre le 1-7-2020, ou \u00e0 d\u00e9faut la date de cr\u00e9ation de l&rsquo;entreprise, et le 31-8-2020 pour les pertes de septembre 2020 ou le 30-9-2020 pour les pertes d&rsquo;octobre 2020<\/td><\/tr><\/tbody><\/table><\/figure>\n\n\n\n<p><br><br>Les modalit\u00e9s de\u00a0<strong>demande d\u2019aide<\/strong>\u00a0\u2013 \u00e0 d\u00e9poser dans les 2 mois suivant le mois concern\u00e9 &#8211; sont inchang\u00e9es par rapport aux mois pr\u00e9c\u00e9dents.<\/p>\n\n\n\n<p>Cette aide n\u2019est pas&nbsp;<strong>cumulable<\/strong>&nbsp;avec l\u2019aide du fonds de solidarit\u00e9 vers\u00e9e aux entreprises situ\u00e9es en Guyane et \u00e0 Mayotte ayant fait l\u2019objet d\u2019une interdiction d\u2019accueil du public en septembre et octobre.<\/p>\n\n\n\n<p>Par ailleurs, les aides attribu\u00e9es aux entreprises ayant fait l\u2019objet d\u2019une interdiction d\u2019accueil du public, situ\u00e9es en zone de couvre-feu ou appartenant aux secteurs particuli\u00e8rement touch\u00e9s ne sont pas cumulables entre elles. L\u2019entreprise susceptible de b\u00e9n\u00e9ficier de plusieurs aides doit choisir celle qui lui est la plus favorable (d\u00e9cret art. 3-13).<\/p>\n\n\n\n<h4 class=\"wp-block-heading\"><br><br><br><em>Entreprises domicili\u00e9es dans des zones ayant fait l\u2019objet d\u2019un couvre-feu<\/em><br><br><br><\/h4>\n\n\n\n<p>Les entreprises domicili\u00e9es dans un territoire ayant fait l\u2019objet d\u2019un arr\u00eat\u00e9 pr\u00e9fectoral instaurant un couvre-feu b\u00e9n\u00e9ficient d\u2019aides si elles ont subi une&nbsp;<strong>perte d\u2019au moins 50 % de CA<\/strong>&nbsp;au mois d\u2019octobre.<\/p>\n\n\n\n<p><br>Le montant et les conditions d\u2019attribution de l\u2019aide diff\u00e8rent selon le secteur d\u2019activit\u00e9 de l\u2019entreprise :<br><\/p>\n\n\n\n<p>&#8211; 10 000 \u20ac maximum pour les entreprises dont l\u2019activit\u00e9 principale est exerc\u00e9e dans un&nbsp;<strong>secteur mentionn\u00e9 \u00e0 l&rsquo;annexe 1<\/strong>&nbsp;du d\u00e9cret (voir ci-dessus) ;<\/p>\n\n\n\n<p>&#8211; 10 000 \u20ac maximum pour les entreprises exer\u00e7ant dans un&nbsp;<strong>secteur connexe mentionn\u00e9 \u00e0 l&rsquo;annexe 2<\/strong>&nbsp;du d\u00e9cret, et ayant subi une perte de CA d\u2019au moins 80 % ;<\/p>\n\n\n\n<p>&#8211; 1 500 \u20ac maximum pour les&nbsp;<strong>autres entreprises<\/strong>, \u00e0 condition d\u2019avoir \u00e9t\u00e9 cr\u00e9\u00e9es avant le 30-9-2020.<\/p>\n\n\n\n<p>Le montant de l\u2019aide est r\u00e9duit \u00e0 due proportion, le cas \u00e9ch\u00e9ant, des\u00a0<strong>pensions de retraite ou indemnit\u00e9s journali\u00e8res de s\u00e9curit\u00e9 sociale<\/strong>\u00a0per\u00e7ue ou \u00e0 percevoir par le dirigeant au titre du mois d\u2019octobre (d\u00e9cret art. 3-11, I et II).\u00a0<br><br><\/p>\n\n\n\n<p>La perte de CA est calcul\u00e9e de la mani\u00e8re suivante (d\u00e9cret art. 3-11, III) :<br><br><br><\/p>\n\n\n\n<figure class=\"wp-block-table\"><table><tbody><tr><td><strong>Diff\u00e9rence entre colonne 1 et colonne 2<\/strong><\/td><\/tr><tr><td>CA r\u00e9alis\u00e9 pendant le mois d\u2019octobre 2020<\/td><td>CA durant la m\u00eame p\u00e9riode de l\u2019ann\u00e9e pr\u00e9c\u00e9dente<\/td><\/tr><tr><td>ou, si l\u2019entreprise le souhaite, CA mensuel moyen de 2019<\/td><\/tr><tr><td>ou, pour les entreprises cr\u00e9\u00e9es entre le 1-6-2019 et le 31-1-2020, CA mensuel moyen sur la p\u00e9riode comprise entre la date de cr\u00e9ation de l&rsquo;entreprise et le 29-2-2020<\/td><\/tr><tr><td>ou, pour les entreprises cr\u00e9\u00e9es entre le 1-2-2020 et le 29-2-2020, le chiffre d&rsquo;affaires r\u00e9alis\u00e9 en f\u00e9vrier 2020 et ramen\u00e9 sur un mois<\/td><\/tr><tr><td>ou, pour les entreprises cr\u00e9\u00e9es apr\u00e8s le 1-3-2020, le chiffre d&rsquo;affaires mensuel moyen r\u00e9alis\u00e9 entre le 1-7-2020, ou \u00e0 d\u00e9faut la date de cr\u00e9ation de l&rsquo;entreprise, et le 30-9-2020<\/td><\/tr><\/tbody><\/table><\/figure>\n\n\n\n<p><br><br>L\u2019aide est\u00a0<strong>demand\u00e9e<\/strong>\u00a0par voie d\u00e9mat\u00e9rialis\u00e9e au plus tard le 31 d\u00e9cembre 2020. Outre les pi\u00e8ces justificatives habituelles (d\u00e9claration sur l\u2019honneur que les conditions d\u2019attribution de l\u2019aide sont remplies, estimation du montant de la perte de CA, coordonn\u00e9es bancaires, etc.), certaines entreprises relevant des secteurs mentionn\u00e9s \u00e0 l\u2019annexe 2 du d\u00e9cret doivent fournir une\u00a0<strong>d\u00e9claration<\/strong>\u00a0sur l\u2019honneur indiquant que leur\u00a0<strong>expert-comptable<\/strong>\u00a0atteste qu\u2019ils remplissent les crit\u00e8res pr\u00e9vus. En pratique, sont concern\u00e9es les entreprises figurant sur la liste et dont au moins 50 % de leur CA est li\u00e9 \u00e0 des foires, salons, s\u00e9minaires, etc. ou est r\u00e9alis\u00e9 avec des entreprises du secteur de l\u2019h\u00f4tellerie et de la restauration (D\u00e9cret art. 3-11, IV).<\/p>\n\n\n\n<h4 class=\"wp-block-heading\"><br><br><br><em>Entreprises relevant des secteurs particuli\u00e8rement touch\u00e9s<\/em><br><br><br><\/h4>\n\n\n\n<h5 class=\"wp-block-heading\">Aide vers\u00e9e au titre du mois d\u2019octobre<br><br><\/h5>\n\n\n\n<p>Les entreprises dont l\u2019activit\u00e9 principale est exerc\u00e9e dans un secteur mentionn\u00e9 \u00e0 l&rsquo;annexe 1 du d\u00e9cret du 30 mars 2020 (c&rsquo;est-\u00e0-dire dans l&rsquo;h\u00f4tellerie, la restauration, les caf\u00e9s, le tourisme, l&rsquo;\u00e9v\u00e8nementiel, le sport ou la culture) et celles relevant des secteurs mentionn\u00e9s \u00e0 l\u2019annexe 2 du d\u00e9cret et ayant subi une perte de CA d\u2019au moins 80 %&nbsp;pendant la premi\u00e8re p\u00e9riode de confinement sont indemnis\u00e9es de la mani\u00e8re suivante (D\u00e9cret art. 3-12) :<\/p>\n\n\n\n<p>&#8211; 1 500 \u20ac maximum pour les entreprises dont la perte de CA du mois d&rsquo;octobre est comprise entre 50 % et moins de 70 % ;<\/p>\n\n\n\n<p>&#8211; 10 000 \u20ac maximum pour les entreprises ayant subi une perte de CA d\u2019au moins 70 % en octobre. Si le montant obtenu est sup\u00e9rieur ou \u00e9gal \u00e0 1 500 \u20ac, l\u2019aide ne peut pas \u00eatre sup\u00e9rieure \u00e0 60 % du CA de r\u00e9f\u00e9rence.<\/p>\n\n\n\n<h5 class=\"wp-block-heading\"><br><br><br>Aide vers\u00e9e au titre du mois de novembre<br><br><br><\/h5>\n\n\n\n<p>Pour le mois de novembre, les entreprises exer\u00e7ant dans un secteur mentionn\u00e9 \u00e0 l\u2019annexe 1 per\u00e7oivent une subvention \u00e9gale au montant de la perte de CA, dans la limite de 10 000 \u20ac.<\/p>\n\n\n\n<p>Celles relevant de l\u2019annexe 2 et subissant une perte de CA d\u2019au moins 80 % per\u00e7oivent une subvention \u00e9gale \u00e0 cette perte, dans la limite de 10 000 \u20ac. Cette subvention est au moins \u00e9gale \u00e0 1 500 \u20ac (D\u00e9cret art. 3-14, II).<\/p>\n\n\n\n<h4 class=\"wp-block-heading\"><br><br><br><em>Autres entreprises subissant une perte de chiffre d\u2019affaires<\/em><br><br><\/h4>\n\n\n\n<p>Les entreprises n\u2019appartenant \u00e0 aucune des cat\u00e9gories ci-dessus mais ayant subi une perte de CA d\u2019au moins 50 % en novembre peuvent b\u00e9n\u00e9ficier d\u2019une aide d\u2019au maximum 1 500 \u20ac (D\u00e9cret art. 3-14, II).<\/p>\n\n\n\n<p>Toute l\u2019\u00e9quipe du cabinet ORECC reste bien entendu \u00e0 votre disposition pour vous accompagner durant cette p\u00e9riode<\/p>\n\n\n\n<p><br><br><br>Prenez soin de vous, et pensez bien aux gestes barri\u00e8res,<\/p>\n\n\n\n<p>Bien cordialement<\/p>\n\n\n\n<p><strong>Olivier ROMEUF<\/strong>, Expert-comptable<br><br><br><br><\/p>\n","protected":false},"excerpt":{"rendered":"<p>Ch\u00e8res clientes, chers clients, Nous vous esp\u00e9rons en bonne forme, ainsi que vos proches. \u2714\ufe0f Les aides du fonds de solidarit\u00e9 peuvent atteindre jusqu\u2019\u00e0 10 000 \u20ac pour les entreprises de moins de 50 salari\u00e9s Les aides du fonds de solidarit\u00e9 peuvent d\u00e9sormais \u00eatre accord\u00e9es aux entreprises de moins de 50 salari\u00e9s et atteindre 10 [&hellip;]<\/p>\n","protected":false},"author":1,"featured_media":1897,"comment_status":"closed","ping_status":"open","sticky":false,"template":"","format":"standard","meta":{"jetpack_post_was_ever_published":false,"footnotes":""},"categories":[1],"tags":[6],"class_list":["post-1892","post","type-post","status-publish","format-standard","has-post-thumbnail","hentry","category-blog","tag-covid"],"yoast_head":"<!-- This site is optimized with the Yoast SEO plugin v23.5 - https:\/\/yoast.com\/wordpress\/plugins\/seo\/ -->\n<title>Jusqu&#039;\u00e0 10 000\u20ac d&#039;aides : d\u00e9tails - ORECC Forez Montbrison Savigneux - Expert comptable<\/title>\n<meta name=\"robots\" content=\"index, follow, max-snippet:-1, max-image-preview:large, max-video-preview:-1\" \/>\n<link rel=\"canonical\" href=\"https:\/\/orecc.fr\/forez\/jusqua-10-000e-daides-details\/\" \/>\n<meta property=\"og:locale\" content=\"fr_FR\" \/>\n<meta property=\"og:type\" content=\"article\" \/>\n<meta property=\"og:title\" content=\"Jusqu&#039;\u00e0 10 000\u20ac d&#039;aides : d\u00e9tails - ORECC Forez Montbrison Savigneux - Expert comptable\" \/>\n<meta property=\"og:description\" content=\"Ch\u00e8res clientes, chers clients, Nous vous esp\u00e9rons en bonne forme, ainsi que vos proches. \u2714\ufe0f Les aides du fonds de solidarit\u00e9 peuvent atteindre jusqu\u2019\u00e0 10 000 \u20ac pour les entreprises de moins de 50 salari\u00e9s Les aides du fonds de solidarit\u00e9 peuvent d\u00e9sormais \u00eatre accord\u00e9es aux entreprises de moins de 50 salari\u00e9s et atteindre 10 [&hellip;]\" \/>\n<meta property=\"og:url\" content=\"https:\/\/orecc.fr\/forez\/jusqua-10-000e-daides-details\/\" \/>\n<meta property=\"og:site_name\" content=\"ORECC Forez Montbrison Savigneux - Expert comptable\" \/>\n<meta property=\"article:published_time\" content=\"2020-11-18T16:54:43+00:00\" \/>\n<meta property=\"article:modified_time\" content=\"2021-02-11T16:24:33+00:00\" \/>\n<meta property=\"og:image\" content=\"https:\/\/orecc.fr\/forez\/wp-content\/uploads\/sites\/9\/2020\/11\/THE-GOOD-ONE4.png\" \/>\n\t<meta property=\"og:image:width\" content=\"800\" \/>\n\t<meta property=\"og:image:height\" content=\"450\" \/>\n\t<meta property=\"og:image:type\" content=\"image\/png\" \/>\n<meta name=\"author\" content=\"orecc\" \/>\n<meta name=\"twitter:card\" content=\"summary_large_image\" \/>\n<meta name=\"twitter:creator\" content=\"@orecc\" \/>\n<meta name=\"twitter:site\" content=\"@orecc\" \/>\n<meta name=\"twitter:label1\" content=\"\u00c9crit par\" \/>\n\t<meta name=\"twitter:data1\" content=\"orecc\" \/>\n\t<meta name=\"twitter:label2\" content=\"Dur\u00e9e de lecture estim\u00e9e\" \/>\n\t<meta name=\"twitter:data2\" content=\"11 minutes\" \/>\n<script type=\"application\/ld+json\" class=\"yoast-schema-graph\">{\"@context\":\"https:\/\/schema.org\",\"@graph\":[{\"@type\":\"Article\",\"@id\":\"https:\/\/orecc.fr\/forez\/jusqua-10-000e-daides-details\/#article\",\"isPartOf\":{\"@id\":\"https:\/\/orecc.fr\/forez\/jusqua-10-000e-daides-details\/\"},\"author\":{\"name\":\"orecc\",\"@id\":\"https:\/\/orecc.fr\/forez\/#\/schema\/person\/219029edc303a161f57ed313d73b6b2d\"},\"headline\":\"Jusqu&rsquo;\u00e0 10 000\u20ac d&rsquo;aides : d\u00e9tails\",\"datePublished\":\"2020-11-18T16:54:43+00:00\",\"dateModified\":\"2021-02-11T16:24:33+00:00\",\"mainEntityOfPage\":{\"@id\":\"https:\/\/orecc.fr\/forez\/jusqua-10-000e-daides-details\/\"},\"wordCount\":2304,\"publisher\":{\"@id\":\"https:\/\/orecc.fr\/forez\/#organization\"},\"image\":{\"@id\":\"https:\/\/orecc.fr\/forez\/jusqua-10-000e-daides-details\/#primaryimage\"},\"thumbnailUrl\":\"https:\/\/i0.wp.com\/orecc.fr\/forez\/wp-content\/uploads\/sites\/9\/2020\/11\/THE-GOOD-ONE4.png?fit=800%2C450&ssl=1\",\"keywords\":[\"COVID\"],\"articleSection\":[\"BLOG\"],\"inLanguage\":\"fr-FR\"},{\"@type\":\"WebPage\",\"@id\":\"https:\/\/orecc.fr\/forez\/jusqua-10-000e-daides-details\/\",\"url\":\"https:\/\/orecc.fr\/forez\/jusqua-10-000e-daides-details\/\",\"name\":\"Jusqu'\u00e0 10 000\u20ac d'aides : d\u00e9tails - ORECC Forez Montbrison Savigneux - Expert comptable\",\"isPartOf\":{\"@id\":\"https:\/\/orecc.fr\/forez\/#website\"},\"primaryImageOfPage\":{\"@id\":\"https:\/\/orecc.fr\/forez\/jusqua-10-000e-daides-details\/#primaryimage\"},\"image\":{\"@id\":\"https:\/\/orecc.fr\/forez\/jusqua-10-000e-daides-details\/#primaryimage\"},\"thumbnailUrl\":\"https:\/\/i0.wp.com\/orecc.fr\/forez\/wp-content\/uploads\/sites\/9\/2020\/11\/THE-GOOD-ONE4.png?fit=800%2C450&ssl=1\",\"datePublished\":\"2020-11-18T16:54:43+00:00\",\"dateModified\":\"2021-02-11T16:24:33+00:00\",\"breadcrumb\":{\"@id\":\"https:\/\/orecc.fr\/forez\/jusqua-10-000e-daides-details\/#breadcrumb\"},\"inLanguage\":\"fr-FR\",\"potentialAction\":[{\"@type\":\"ReadAction\",\"target\":[\"https:\/\/orecc.fr\/forez\/jusqua-10-000e-daides-details\/\"]}]},{\"@type\":\"ImageObject\",\"inLanguage\":\"fr-FR\",\"@id\":\"https:\/\/orecc.fr\/forez\/jusqua-10-000e-daides-details\/#primaryimage\",\"url\":\"https:\/\/i0.wp.com\/orecc.fr\/forez\/wp-content\/uploads\/sites\/9\/2020\/11\/THE-GOOD-ONE4.png?fit=800%2C450&ssl=1\",\"contentUrl\":\"https:\/\/i0.wp.com\/orecc.fr\/forez\/wp-content\/uploads\/sites\/9\/2020\/11\/THE-GOOD-ONE4.png?fit=800%2C450&ssl=1\",\"width\":800,\"height\":450,\"caption\":\"orecc\"},{\"@type\":\"BreadcrumbList\",\"@id\":\"https:\/\/orecc.fr\/forez\/jusqua-10-000e-daides-details\/#breadcrumb\",\"itemListElement\":[{\"@type\":\"ListItem\",\"position\":1,\"name\":\"Accueil\",\"item\":\"https:\/\/orecc.fr\/forez\/\"},{\"@type\":\"ListItem\",\"position\":2,\"name\":\"Jusqu&rsquo;\u00e0 10 000\u20ac d&rsquo;aides : d\u00e9tails\"}]},{\"@type\":\"WebSite\",\"@id\":\"https:\/\/orecc.fr\/forez\/#website\",\"url\":\"https:\/\/orecc.fr\/forez\/\",\"name\":\"ORECC Forez Montbrison Savigneux - Expert comptable\",\"description\":\"Expertise Comptable Nouvelle G\u00e9n\u00e9ration\",\"publisher\":{\"@id\":\"https:\/\/orecc.fr\/forez\/#organization\"},\"potentialAction\":[{\"@type\":\"SearchAction\",\"target\":{\"@type\":\"EntryPoint\",\"urlTemplate\":\"https:\/\/orecc.fr\/forez\/?s={search_term_string}\"},\"query-input\":{\"@type\":\"PropertyValueSpecification\",\"valueRequired\":true,\"valueName\":\"search_term_string\"}}],\"inLanguage\":\"fr-FR\"},{\"@type\":\"Organization\",\"@id\":\"https:\/\/orecc.fr\/forez\/#organization\",\"name\":\"ORECC Forez\",\"alternateName\":\"ORECC\",\"url\":\"https:\/\/orecc.fr\/forez\/\",\"logo\":{\"@type\":\"ImageObject\",\"inLanguage\":\"fr-FR\",\"@id\":\"https:\/\/orecc.fr\/forez\/#\/schema\/logo\/image\/\",\"url\":\"https:\/\/i0.wp.com\/orecc.fr\/forez\/wp-content\/uploads\/sites\/9\/2023\/01\/cropped-logo-Experiens-Orecc-transparent-e1672742742504.png?fit=1000%2C1000&ssl=1\",\"contentUrl\":\"https:\/\/i0.wp.com\/orecc.fr\/forez\/wp-content\/uploads\/sites\/9\/2023\/01\/cropped-logo-Experiens-Orecc-transparent-e1672742742504.png?fit=1000%2C1000&ssl=1\",\"width\":1000,\"height\":1000,\"caption\":\"ORECC Forez\"},\"image\":{\"@id\":\"https:\/\/orecc.fr\/forez\/#\/schema\/logo\/image\/\"},\"sameAs\":[\"https:\/\/x.com\/orecc\",\"https:\/\/www.linkedin.com\/in\/orecc-forez-801174135\"]},{\"@type\":\"Person\",\"@id\":\"https:\/\/orecc.fr\/forez\/#\/schema\/person\/219029edc303a161f57ed313d73b6b2d\",\"name\":\"orecc\",\"image\":{\"@type\":\"ImageObject\",\"inLanguage\":\"fr-FR\",\"@id\":\"https:\/\/orecc.fr\/forez\/#\/schema\/person\/image\/\",\"url\":\"https:\/\/secure.gravatar.com\/avatar\/c2b06ae950033b392998ada50767b50e?s=96&d=mm&r=g\",\"contentUrl\":\"https:\/\/secure.gravatar.com\/avatar\/c2b06ae950033b392998ada50767b50e?s=96&d=mm&r=g\",\"caption\":\"orecc\"},\"url\":\"https:\/\/orecc.fr\/forez\/author\/orecc\/\"}]}<\/script>\n<!-- \/ Yoast SEO plugin. -->","yoast_head_json":{"title":"Jusqu'\u00e0 10 000\u20ac d'aides : d\u00e9tails - ORECC Forez Montbrison Savigneux - Expert comptable","robots":{"index":"index","follow":"follow","max-snippet":"max-snippet:-1","max-image-preview":"max-image-preview:large","max-video-preview":"max-video-preview:-1"},"canonical":"https:\/\/orecc.fr\/forez\/jusqua-10-000e-daides-details\/","og_locale":"fr_FR","og_type":"article","og_title":"Jusqu'\u00e0 10 000\u20ac d'aides : d\u00e9tails - ORECC Forez Montbrison Savigneux - Expert comptable","og_description":"Ch\u00e8res clientes, chers clients, Nous vous esp\u00e9rons en bonne forme, ainsi que vos proches. \u2714\ufe0f Les aides du fonds de solidarit\u00e9 peuvent atteindre jusqu\u2019\u00e0 10 000 \u20ac pour les entreprises de moins de 50 salari\u00e9s Les aides du fonds de solidarit\u00e9 peuvent d\u00e9sormais \u00eatre accord\u00e9es aux entreprises de moins de 50 salari\u00e9s et atteindre 10 [&hellip;]","og_url":"https:\/\/orecc.fr\/forez\/jusqua-10-000e-daides-details\/","og_site_name":"ORECC Forez Montbrison Savigneux - Expert comptable","article_published_time":"2020-11-18T16:54:43+00:00","article_modified_time":"2021-02-11T16:24:33+00:00","og_image":[{"width":800,"height":450,"url":"https:\/\/orecc.fr\/forez\/wp-content\/uploads\/sites\/9\/2020\/11\/THE-GOOD-ONE4.png","type":"image\/png"}],"author":"orecc","twitter_card":"summary_large_image","twitter_creator":"@orecc","twitter_site":"@orecc","twitter_misc":{"\u00c9crit par":"orecc","Dur\u00e9e de lecture estim\u00e9e":"11 minutes"},"schema":{"@context":"https:\/\/schema.org","@graph":[{"@type":"Article","@id":"https:\/\/orecc.fr\/forez\/jusqua-10-000e-daides-details\/#article","isPartOf":{"@id":"https:\/\/orecc.fr\/forez\/jusqua-10-000e-daides-details\/"},"author":{"name":"orecc","@id":"https:\/\/orecc.fr\/forez\/#\/schema\/person\/219029edc303a161f57ed313d73b6b2d"},"headline":"Jusqu&rsquo;\u00e0 10 000\u20ac d&rsquo;aides : d\u00e9tails","datePublished":"2020-11-18T16:54:43+00:00","dateModified":"2021-02-11T16:24:33+00:00","mainEntityOfPage":{"@id":"https:\/\/orecc.fr\/forez\/jusqua-10-000e-daides-details\/"},"wordCount":2304,"publisher":{"@id":"https:\/\/orecc.fr\/forez\/#organization"},"image":{"@id":"https:\/\/orecc.fr\/forez\/jusqua-10-000e-daides-details\/#primaryimage"},"thumbnailUrl":"https:\/\/i0.wp.com\/orecc.fr\/forez\/wp-content\/uploads\/sites\/9\/2020\/11\/THE-GOOD-ONE4.png?fit=800%2C450&ssl=1","keywords":["COVID"],"articleSection":["BLOG"],"inLanguage":"fr-FR"},{"@type":"WebPage","@id":"https:\/\/orecc.fr\/forez\/jusqua-10-000e-daides-details\/","url":"https:\/\/orecc.fr\/forez\/jusqua-10-000e-daides-details\/","name":"Jusqu'\u00e0 10 000\u20ac d'aides : d\u00e9tails - ORECC Forez Montbrison Savigneux - Expert comptable","isPartOf":{"@id":"https:\/\/orecc.fr\/forez\/#website"},"primaryImageOfPage":{"@id":"https:\/\/orecc.fr\/forez\/jusqua-10-000e-daides-details\/#primaryimage"},"image":{"@id":"https:\/\/orecc.fr\/forez\/jusqua-10-000e-daides-details\/#primaryimage"},"thumbnailUrl":"https:\/\/i0.wp.com\/orecc.fr\/forez\/wp-content\/uploads\/sites\/9\/2020\/11\/THE-GOOD-ONE4.png?fit=800%2C450&ssl=1","datePublished":"2020-11-18T16:54:43+00:00","dateModified":"2021-02-11T16:24:33+00:00","breadcrumb":{"@id":"https:\/\/orecc.fr\/forez\/jusqua-10-000e-daides-details\/#breadcrumb"},"inLanguage":"fr-FR","potentialAction":[{"@type":"ReadAction","target":["https:\/\/orecc.fr\/forez\/jusqua-10-000e-daides-details\/"]}]},{"@type":"ImageObject","inLanguage":"fr-FR","@id":"https:\/\/orecc.fr\/forez\/jusqua-10-000e-daides-details\/#primaryimage","url":"https:\/\/i0.wp.com\/orecc.fr\/forez\/wp-content\/uploads\/sites\/9\/2020\/11\/THE-GOOD-ONE4.png?fit=800%2C450&ssl=1","contentUrl":"https:\/\/i0.wp.com\/orecc.fr\/forez\/wp-content\/uploads\/sites\/9\/2020\/11\/THE-GOOD-ONE4.png?fit=800%2C450&ssl=1","width":800,"height":450,"caption":"orecc"},{"@type":"BreadcrumbList","@id":"https:\/\/orecc.fr\/forez\/jusqua-10-000e-daides-details\/#breadcrumb","itemListElement":[{"@type":"ListItem","position":1,"name":"Accueil","item":"https:\/\/orecc.fr\/forez\/"},{"@type":"ListItem","position":2,"name":"Jusqu&rsquo;\u00e0 10 000\u20ac d&rsquo;aides : d\u00e9tails"}]},{"@type":"WebSite","@id":"https:\/\/orecc.fr\/forez\/#website","url":"https:\/\/orecc.fr\/forez\/","name":"ORECC Forez Montbrison Savigneux - Expert comptable","description":"Expertise Comptable Nouvelle G\u00e9n\u00e9ration","publisher":{"@id":"https:\/\/orecc.fr\/forez\/#organization"},"potentialAction":[{"@type":"SearchAction","target":{"@type":"EntryPoint","urlTemplate":"https:\/\/orecc.fr\/forez\/?s={search_term_string}"},"query-input":{"@type":"PropertyValueSpecification","valueRequired":true,"valueName":"search_term_string"}}],"inLanguage":"fr-FR"},{"@type":"Organization","@id":"https:\/\/orecc.fr\/forez\/#organization","name":"ORECC Forez","alternateName":"ORECC","url":"https:\/\/orecc.fr\/forez\/","logo":{"@type":"ImageObject","inLanguage":"fr-FR","@id":"https:\/\/orecc.fr\/forez\/#\/schema\/logo\/image\/","url":"https:\/\/i0.wp.com\/orecc.fr\/forez\/wp-content\/uploads\/sites\/9\/2023\/01\/cropped-logo-Experiens-Orecc-transparent-e1672742742504.png?fit=1000%2C1000&ssl=1","contentUrl":"https:\/\/i0.wp.com\/orecc.fr\/forez\/wp-content\/uploads\/sites\/9\/2023\/01\/cropped-logo-Experiens-Orecc-transparent-e1672742742504.png?fit=1000%2C1000&ssl=1","width":1000,"height":1000,"caption":"ORECC Forez"},"image":{"@id":"https:\/\/orecc.fr\/forez\/#\/schema\/logo\/image\/"},"sameAs":["https:\/\/x.com\/orecc","https:\/\/www.linkedin.com\/in\/orecc-forez-801174135"]},{"@type":"Person","@id":"https:\/\/orecc.fr\/forez\/#\/schema\/person\/219029edc303a161f57ed313d73b6b2d","name":"orecc","image":{"@type":"ImageObject","inLanguage":"fr-FR","@id":"https:\/\/orecc.fr\/forez\/#\/schema\/person\/image\/","url":"https:\/\/secure.gravatar.com\/avatar\/c2b06ae950033b392998ada50767b50e?s=96&d=mm&r=g","contentUrl":"https:\/\/secure.gravatar.com\/avatar\/c2b06ae950033b392998ada50767b50e?s=96&d=mm&r=g","caption":"orecc"},"url":"https:\/\/orecc.fr\/forez\/author\/orecc\/"}]}},"jetpack_featured_media_url":"https:\/\/i0.wp.com\/orecc.fr\/forez\/wp-content\/uploads\/sites\/9\/2020\/11\/THE-GOOD-ONE4.png?fit=800%2C450&ssl=1","jetpack_sharing_enabled":true,"jetpack_shortlink":"https:\/\/wp.me\/paPBAg-uw","jetpack-related-posts":[],"_links":{"self":[{"href":"https:\/\/orecc.fr\/forez\/wp-json\/wp\/v2\/posts\/1892"}],"collection":[{"href":"https:\/\/orecc.fr\/forez\/wp-json\/wp\/v2\/posts"}],"about":[{"href":"https:\/\/orecc.fr\/forez\/wp-json\/wp\/v2\/types\/post"}],"author":[{"embeddable":true,"href":"https:\/\/orecc.fr\/forez\/wp-json\/wp\/v2\/users\/1"}],"replies":[{"embeddable":true,"href":"https:\/\/orecc.fr\/forez\/wp-json\/wp\/v2\/comments?post=1892"}],"version-history":[{"count":0,"href":"https:\/\/orecc.fr\/forez\/wp-json\/wp\/v2\/posts\/1892\/revisions"}],"wp:featuredmedia":[{"embeddable":true,"href":"https:\/\/orecc.fr\/forez\/wp-json\/wp\/v2\/media\/1897"}],"wp:attachment":[{"href":"https:\/\/orecc.fr\/forez\/wp-json\/wp\/v2\/media?parent=1892"}],"wp:term":[{"taxonomy":"category","embeddable":true,"href":"https:\/\/orecc.fr\/forez\/wp-json\/wp\/v2\/categories?post=1892"},{"taxonomy":"post_tag","embeddable":true,"href":"https:\/\/orecc.fr\/forez\/wp-json\/wp\/v2\/tags?post=1892"}],"curies":[{"name":"wp","href":"https:\/\/api.w.org\/{rel}","templated":true}]}}