{"id":1862,"date":"2020-11-09T17:56:42","date_gmt":"2020-11-09T17:56:42","guid":{"rendered":"https:\/\/orecc.fr\/forez\/?p=1862"},"modified":"2021-02-11T16:25:42","modified_gmt":"2021-02-11T16:25:42","slug":"mesures-de-soutien-economiques-faq","status":"publish","type":"post","link":"https:\/\/orecc.fr\/forez\/mesures-de-soutien-economiques-faq\/","title":{"rendered":"Mesures de soutien \u00e9conomiques &#8211; FAQ"},"content":{"rendered":"\n<p><br><br>Nous vous proposons aujourd&rsquo;hui un document pratique vous permettant de faire le point sur les mesures COVID-19.<br><br>Quelles sont les mesures de soutien qui ont \u00e9t\u00e9 mises en place pour vous aider \u00e0 faire face \u00e0 la crise ? Entre les mesures relatives \u00e0 l&#8217;emploi et les celles concernant l&rsquo;obtention d&rsquo;un d\u00e9lai de paiement des \u00e9ch\u00e9ances fiscales et sociales, d&rsquo;un am\u00e9nagement du versement des loyers ou du r\u00e8glement amiable d&rsquo;un litige, il est temps de faire le point.<br><br>L&rsquo;ensemble de ces informations est susceptible d&rsquo;\u00e9voluer, mais il vous permet n\u00e9anmoins d&rsquo;avoir une vue d&rsquo;ensemble sur l&rsquo;accompagnement propos\u00e9 aux entreprises.<br><br>Nous int\u00e9grons \u00e9galement \u00e0 ce document les contacts utiles pour faire face aux difficult\u00e9s.<\/p>\n\n\n\n<p class=\"has-text-align-center\"><br><br><em>Bonne lecture !<\/em><br><br><\/p>\n\n\n\n<div class=\"wp-block-buttons aligncenter is-layout-flex wp-block-buttons-is-layout-flex\">\n<div class=\"wp-block-button\"><a class=\"wp-block-button__link has-white-color has-text-color has-background\" href=\"https:\/\/orecc.fr\/forez\/wp-content\/uploads\/sites\/9\/2020\/11\/faq-mesures-soutien-eco-11-2020.pdf\" style=\"background-color:#755f4b\" target=\"_blank\" rel=\"noreferrer noopener\">Lire le document<\/a><\/div>\n<\/div>\n\n\n\n<p><br><br><\/p>\n","protected":false},"excerpt":{"rendered":"<p>Nous vous proposons aujourd&rsquo;hui un document pratique vous permettant de faire le point sur les mesures COVID-19. Quelles sont les mesures de soutien qui ont \u00e9t\u00e9 mises en place pour vous aider \u00e0 faire face \u00e0 la crise ? Entre les mesures relatives \u00e0 l&#8217;emploi et les celles concernant l&rsquo;obtention d&rsquo;un d\u00e9lai de paiement des [&hellip;]<\/p>\n","protected":false},"author":1,"featured_media":1864,"comment_status":"closed","ping_status":"open","sticky":false,"template":"","format":"standard","meta":{"jetpack_post_was_ever_published":false,"footnotes":""},"categories":[1],"tags":[6],"class_list":["post-1862","post","type-post","status-publish","format-standard","has-post-thumbnail","hentry","category-blog","tag-covid"],"yoast_head":"<!-- This site is optimized with the Yoast SEO plugin v23.5 - https:\/\/yoast.com\/wordpress\/plugins\/seo\/ -->\n<title>Mesures de soutien \u00e9conomiques - FAQ - ORECC Forez Montbrison Savigneux - Expert comptable<\/title>\n<meta name=\"robots\" content=\"index, follow, max-snippet:-1, max-image-preview:large, max-video-preview:-1\" \/>\n<link rel=\"canonical\" href=\"https:\/\/orecc.fr\/forez\/mesures-de-soutien-economiques-faq\/\" \/>\n<meta property=\"og:locale\" content=\"fr_FR\" \/>\n<meta property=\"og:type\" content=\"article\" \/>\n<meta property=\"og:title\" content=\"Mesures de soutien \u00e9conomiques - FAQ - ORECC Forez Montbrison Savigneux - Expert comptable\" \/>\n<meta property=\"og:description\" content=\"Nous vous proposons aujourd&rsquo;hui un document pratique vous permettant de faire le point sur les mesures COVID-19. Quelles sont les mesures de soutien qui ont \u00e9t\u00e9 mises en place pour vous aider \u00e0 faire face \u00e0 la crise ? Entre les mesures relatives \u00e0 l&#8217;emploi et les celles concernant l&rsquo;obtention d&rsquo;un d\u00e9lai de paiement des [&hellip;]\" \/>\n<meta property=\"og:url\" content=\"https:\/\/orecc.fr\/forez\/mesures-de-soutien-economiques-faq\/\" \/>\n<meta property=\"og:site_name\" content=\"ORECC Forez Montbrison Savigneux - Expert comptable\" \/>\n<meta property=\"article:published_time\" content=\"2020-11-09T17:56:42+00:00\" \/>\n<meta property=\"article:modified_time\" content=\"2021-02-11T16:25:42+00:00\" \/>\n<meta property=\"og:image\" content=\"https:\/\/orecc.fr\/forez\/wp-content\/uploads\/sites\/9\/2020\/11\/ORECC.png\" \/>\n\t<meta property=\"og:image:width\" content=\"800\" \/>\n\t<meta property=\"og:image:height\" content=\"450\" \/>\n\t<meta property=\"og:image:type\" content=\"image\/png\" \/>\n<meta name=\"author\" content=\"orecc\" \/>\n<meta name=\"twitter:card\" content=\"summary_large_image\" \/>\n<meta name=\"twitter:creator\" content=\"@orecc\" \/>\n<meta name=\"twitter:site\" content=\"@orecc\" \/>\n<meta name=\"twitter:label1\" content=\"\u00c9crit par\" \/>\n\t<meta name=\"twitter:data1\" content=\"orecc\" \/>\n\t<meta name=\"twitter:label2\" content=\"Dur\u00e9e de lecture estim\u00e9e\" \/>\n\t<meta name=\"twitter:data2\" content=\"1 minute\" \/>\n<script type=\"application\/ld+json\" class=\"yoast-schema-graph\">{\"@context\":\"https:\/\/schema.org\",\"@graph\":[{\"@type\":\"Article\",\"@id\":\"https:\/\/orecc.fr\/forez\/mesures-de-soutien-economiques-faq\/#article\",\"isPartOf\":{\"@id\":\"https:\/\/orecc.fr\/forez\/mesures-de-soutien-economiques-faq\/\"},\"author\":{\"name\":\"orecc\",\"@id\":\"https:\/\/orecc.fr\/forez\/#\/schema\/person\/219029edc303a161f57ed313d73b6b2d\"},\"headline\":\"Mesures de soutien \u00e9conomiques &#8211; FAQ\",\"datePublished\":\"2020-11-09T17:56:42+00:00\",\"dateModified\":\"2021-02-11T16:25:42+00:00\",\"mainEntityOfPage\":{\"@id\":\"https:\/\/orecc.fr\/forez\/mesures-de-soutien-economiques-faq\/\"},\"wordCount\":127,\"publisher\":{\"@id\":\"https:\/\/orecc.fr\/forez\/#organization\"},\"image\":{\"@id\":\"https:\/\/orecc.fr\/forez\/mesures-de-soutien-economiques-faq\/#primaryimage\"},\"thumbnailUrl\":\"https:\/\/i0.wp.com\/orecc.fr\/forez\/wp-content\/uploads\/sites\/9\/2020\/11\/ORECC.png?fit=800%2C450&ssl=1\",\"keywords\":[\"COVID\"],\"articleSection\":[\"BLOG\"],\"inLanguage\":\"fr-FR\"},{\"@type\":\"WebPage\",\"@id\":\"https:\/\/orecc.fr\/forez\/mesures-de-soutien-economiques-faq\/\",\"url\":\"https:\/\/orecc.fr\/forez\/mesures-de-soutien-economiques-faq\/\",\"name\":\"Mesures de soutien \u00e9conomiques - FAQ - ORECC Forez Montbrison Savigneux - Expert comptable\",\"isPartOf\":{\"@id\":\"https:\/\/orecc.fr\/forez\/#website\"},\"primaryImageOfPage\":{\"@id\":\"https:\/\/orecc.fr\/forez\/mesures-de-soutien-economiques-faq\/#primaryimage\"},\"image\":{\"@id\":\"https:\/\/orecc.fr\/forez\/mesures-de-soutien-economiques-faq\/#primaryimage\"},\"thumbnailUrl\":\"https:\/\/i0.wp.com\/orecc.fr\/forez\/wp-content\/uploads\/sites\/9\/2020\/11\/ORECC.png?fit=800%2C450&ssl=1\",\"datePublished\":\"2020-11-09T17:56:42+00:00\",\"dateModified\":\"2021-02-11T16:25:42+00:00\",\"breadcrumb\":{\"@id\":\"https:\/\/orecc.fr\/forez\/mesures-de-soutien-economiques-faq\/#breadcrumb\"},\"inLanguage\":\"fr-FR\",\"potentialAction\":[{\"@type\":\"ReadAction\",\"target\":[\"https:\/\/orecc.fr\/forez\/mesures-de-soutien-economiques-faq\/\"]}]},{\"@type\":\"ImageObject\",\"inLanguage\":\"fr-FR\",\"@id\":\"https:\/\/orecc.fr\/forez\/mesures-de-soutien-economiques-faq\/#primaryimage\",\"url\":\"https:\/\/i0.wp.com\/orecc.fr\/forez\/wp-content\/uploads\/sites\/9\/2020\/11\/ORECC.png?fit=800%2C450&ssl=1\",\"contentUrl\":\"https:\/\/i0.wp.com\/orecc.fr\/forez\/wp-content\/uploads\/sites\/9\/2020\/11\/ORECC.png?fit=800%2C450&ssl=1\",\"width\":800,\"height\":450},{\"@type\":\"BreadcrumbList\",\"@id\":\"https:\/\/orecc.fr\/forez\/mesures-de-soutien-economiques-faq\/#breadcrumb\",\"itemListElement\":[{\"@type\":\"ListItem\",\"position\":1,\"name\":\"Accueil\",\"item\":\"https:\/\/orecc.fr\/forez\/\"},{\"@type\":\"ListItem\",\"position\":2,\"name\":\"Mesures de soutien \u00e9conomiques &#8211; FAQ\"}]},{\"@type\":\"WebSite\",\"@id\":\"https:\/\/orecc.fr\/forez\/#website\",\"url\":\"https:\/\/orecc.fr\/forez\/\",\"name\":\"ORECC Forez Montbrison Savigneux - Expert comptable\",\"description\":\"Expertise Comptable Nouvelle G\u00e9n\u00e9ration\",\"publisher\":{\"@id\":\"https:\/\/orecc.fr\/forez\/#organization\"},\"potentialAction\":[{\"@type\":\"SearchAction\",\"target\":{\"@type\":\"EntryPoint\",\"urlTemplate\":\"https:\/\/orecc.fr\/forez\/?s={search_term_string}\"},\"query-input\":{\"@type\":\"PropertyValueSpecification\",\"valueRequired\":true,\"valueName\":\"search_term_string\"}}],\"inLanguage\":\"fr-FR\"},{\"@type\":\"Organization\",\"@id\":\"https:\/\/orecc.fr\/forez\/#organization\",\"name\":\"ORECC Forez\",\"alternateName\":\"ORECC\",\"url\":\"https:\/\/orecc.fr\/forez\/\",\"logo\":{\"@type\":\"ImageObject\",\"inLanguage\":\"fr-FR\",\"@id\":\"https:\/\/orecc.fr\/forez\/#\/schema\/logo\/image\/\",\"url\":\"https:\/\/i0.wp.com\/orecc.fr\/forez\/wp-content\/uploads\/sites\/9\/2023\/01\/cropped-logo-Experiens-Orecc-transparent-e1672742742504.png?fit=1000%2C1000&ssl=1\",\"contentUrl\":\"https:\/\/i0.wp.com\/orecc.fr\/forez\/wp-content\/uploads\/sites\/9\/2023\/01\/cropped-logo-Experiens-Orecc-transparent-e1672742742504.png?fit=1000%2C1000&ssl=1\",\"width\":1000,\"height\":1000,\"caption\":\"ORECC Forez\"},\"image\":{\"@id\":\"https:\/\/orecc.fr\/forez\/#\/schema\/logo\/image\/\"},\"sameAs\":[\"https:\/\/x.com\/orecc\",\"https:\/\/www.linkedin.com\/in\/orecc-forez-801174135\"]},{\"@type\":\"Person\",\"@id\":\"https:\/\/orecc.fr\/forez\/#\/schema\/person\/219029edc303a161f57ed313d73b6b2d\",\"name\":\"orecc\",\"image\":{\"@type\":\"ImageObject\",\"inLanguage\":\"fr-FR\",\"@id\":\"https:\/\/orecc.fr\/forez\/#\/schema\/person\/image\/\",\"url\":\"https:\/\/secure.gravatar.com\/avatar\/c2b06ae950033b392998ada50767b50e?s=96&d=mm&r=g\",\"contentUrl\":\"https:\/\/secure.gravatar.com\/avatar\/c2b06ae950033b392998ada50767b50e?s=96&d=mm&r=g\",\"caption\":\"orecc\"},\"url\":\"https:\/\/orecc.fr\/forez\/author\/orecc\/\"}]}<\/script>\n<!-- \/ Yoast SEO plugin. -->","yoast_head_json":{"title":"Mesures de soutien \u00e9conomiques - FAQ - ORECC Forez Montbrison Savigneux - Expert comptable","robots":{"index":"index","follow":"follow","max-snippet":"max-snippet:-1","max-image-preview":"max-image-preview:large","max-video-preview":"max-video-preview:-1"},"canonical":"https:\/\/orecc.fr\/forez\/mesures-de-soutien-economiques-faq\/","og_locale":"fr_FR","og_type":"article","og_title":"Mesures de soutien \u00e9conomiques - FAQ - ORECC Forez Montbrison Savigneux - Expert comptable","og_description":"Nous vous proposons aujourd&rsquo;hui un document pratique vous permettant de faire le point sur les mesures COVID-19. Quelles sont les mesures de soutien qui ont \u00e9t\u00e9 mises en place pour vous aider \u00e0 faire face \u00e0 la crise ? Entre les mesures relatives \u00e0 l&#8217;emploi et les celles concernant l&rsquo;obtention d&rsquo;un d\u00e9lai de paiement des [&hellip;]","og_url":"https:\/\/orecc.fr\/forez\/mesures-de-soutien-economiques-faq\/","og_site_name":"ORECC Forez Montbrison Savigneux - Expert comptable","article_published_time":"2020-11-09T17:56:42+00:00","article_modified_time":"2021-02-11T16:25:42+00:00","og_image":[{"width":800,"height":450,"url":"https:\/\/orecc.fr\/forez\/wp-content\/uploads\/sites\/9\/2020\/11\/ORECC.png","type":"image\/png"}],"author":"orecc","twitter_card":"summary_large_image","twitter_creator":"@orecc","twitter_site":"@orecc","twitter_misc":{"\u00c9crit par":"orecc","Dur\u00e9e de lecture estim\u00e9e":"1 minute"},"schema":{"@context":"https:\/\/schema.org","@graph":[{"@type":"Article","@id":"https:\/\/orecc.fr\/forez\/mesures-de-soutien-economiques-faq\/#article","isPartOf":{"@id":"https:\/\/orecc.fr\/forez\/mesures-de-soutien-economiques-faq\/"},"author":{"name":"orecc","@id":"https:\/\/orecc.fr\/forez\/#\/schema\/person\/219029edc303a161f57ed313d73b6b2d"},"headline":"Mesures de soutien \u00e9conomiques &#8211; FAQ","datePublished":"2020-11-09T17:56:42+00:00","dateModified":"2021-02-11T16:25:42+00:00","mainEntityOfPage":{"@id":"https:\/\/orecc.fr\/forez\/mesures-de-soutien-economiques-faq\/"},"wordCount":127,"publisher":{"@id":"https:\/\/orecc.fr\/forez\/#organization"},"image":{"@id":"https:\/\/orecc.fr\/forez\/mesures-de-soutien-economiques-faq\/#primaryimage"},"thumbnailUrl":"https:\/\/i0.wp.com\/orecc.fr\/forez\/wp-content\/uploads\/sites\/9\/2020\/11\/ORECC.png?fit=800%2C450&ssl=1","keywords":["COVID"],"articleSection":["BLOG"],"inLanguage":"fr-FR"},{"@type":"WebPage","@id":"https:\/\/orecc.fr\/forez\/mesures-de-soutien-economiques-faq\/","url":"https:\/\/orecc.fr\/forez\/mesures-de-soutien-economiques-faq\/","name":"Mesures de soutien \u00e9conomiques - FAQ - ORECC Forez Montbrison Savigneux - Expert comptable","isPartOf":{"@id":"https:\/\/orecc.fr\/forez\/#website"},"primaryImageOfPage":{"@id":"https:\/\/orecc.fr\/forez\/mesures-de-soutien-economiques-faq\/#primaryimage"},"image":{"@id":"https:\/\/orecc.fr\/forez\/mesures-de-soutien-economiques-faq\/#primaryimage"},"thumbnailUrl":"https:\/\/i0.wp.com\/orecc.fr\/forez\/wp-content\/uploads\/sites\/9\/2020\/11\/ORECC.png?fit=800%2C450&ssl=1","datePublished":"2020-11-09T17:56:42+00:00","dateModified":"2021-02-11T16:25:42+00:00","breadcrumb":{"@id":"https:\/\/orecc.fr\/forez\/mesures-de-soutien-economiques-faq\/#breadcrumb"},"inLanguage":"fr-FR","potentialAction":[{"@type":"ReadAction","target":["https:\/\/orecc.fr\/forez\/mesures-de-soutien-economiques-faq\/"]}]},{"@type":"ImageObject","inLanguage":"fr-FR","@id":"https:\/\/orecc.fr\/forez\/mesures-de-soutien-economiques-faq\/#primaryimage","url":"https:\/\/i0.wp.com\/orecc.fr\/forez\/wp-content\/uploads\/sites\/9\/2020\/11\/ORECC.png?fit=800%2C450&ssl=1","contentUrl":"https:\/\/i0.wp.com\/orecc.fr\/forez\/wp-content\/uploads\/sites\/9\/2020\/11\/ORECC.png?fit=800%2C450&ssl=1","width":800,"height":450},{"@type":"BreadcrumbList","@id":"https:\/\/orecc.fr\/forez\/mesures-de-soutien-economiques-faq\/#breadcrumb","itemListElement":[{"@type":"ListItem","position":1,"name":"Accueil","item":"https:\/\/orecc.fr\/forez\/"},{"@type":"ListItem","position":2,"name":"Mesures de soutien \u00e9conomiques &#8211; FAQ"}]},{"@type":"WebSite","@id":"https:\/\/orecc.fr\/forez\/#website","url":"https:\/\/orecc.fr\/forez\/","name":"ORECC Forez Montbrison Savigneux - Expert comptable","description":"Expertise Comptable Nouvelle G\u00e9n\u00e9ration","publisher":{"@id":"https:\/\/orecc.fr\/forez\/#organization"},"potentialAction":[{"@type":"SearchAction","target":{"@type":"EntryPoint","urlTemplate":"https:\/\/orecc.fr\/forez\/?s={search_term_string}"},"query-input":{"@type":"PropertyValueSpecification","valueRequired":true,"valueName":"search_term_string"}}],"inLanguage":"fr-FR"},{"@type":"Organization","@id":"https:\/\/orecc.fr\/forez\/#organization","name":"ORECC Forez","alternateName":"ORECC","url":"https:\/\/orecc.fr\/forez\/","logo":{"@type":"ImageObject","inLanguage":"fr-FR","@id":"https:\/\/orecc.fr\/forez\/#\/schema\/logo\/image\/","url":"https:\/\/i0.wp.com\/orecc.fr\/forez\/wp-content\/uploads\/sites\/9\/2023\/01\/cropped-logo-Experiens-Orecc-transparent-e1672742742504.png?fit=1000%2C1000&ssl=1","contentUrl":"https:\/\/i0.wp.com\/orecc.fr\/forez\/wp-content\/uploads\/sites\/9\/2023\/01\/cropped-logo-Experiens-Orecc-transparent-e1672742742504.png?fit=1000%2C1000&ssl=1","width":1000,"height":1000,"caption":"ORECC Forez"},"image":{"@id":"https:\/\/orecc.fr\/forez\/#\/schema\/logo\/image\/"},"sameAs":["https:\/\/x.com\/orecc","https:\/\/www.linkedin.com\/in\/orecc-forez-801174135"]},{"@type":"Person","@id":"https:\/\/orecc.fr\/forez\/#\/schema\/person\/219029edc303a161f57ed313d73b6b2d","name":"orecc","image":{"@type":"ImageObject","inLanguage":"fr-FR","@id":"https:\/\/orecc.fr\/forez\/#\/schema\/person\/image\/","url":"https:\/\/secure.gravatar.com\/avatar\/c2b06ae950033b392998ada50767b50e?s=96&d=mm&r=g","contentUrl":"https:\/\/secure.gravatar.com\/avatar\/c2b06ae950033b392998ada50767b50e?s=96&d=mm&r=g","caption":"orecc"},"url":"https:\/\/orecc.fr\/forez\/author\/orecc\/"}]}},"jetpack_featured_media_url":"https:\/\/i0.wp.com\/orecc.fr\/forez\/wp-content\/uploads\/sites\/9\/2020\/11\/ORECC.png?fit=800%2C450&ssl=1","jetpack_sharing_enabled":true,"jetpack_shortlink":"https:\/\/wp.me\/paPBAg-u2","jetpack-related-posts":[],"_links":{"self":[{"href":"https:\/\/orecc.fr\/forez\/wp-json\/wp\/v2\/posts\/1862"}],"collection":[{"href":"https:\/\/orecc.fr\/forez\/wp-json\/wp\/v2\/posts"}],"about":[{"href":"https:\/\/orecc.fr\/forez\/wp-json\/wp\/v2\/types\/post"}],"author":[{"embeddable":true,"href":"https:\/\/orecc.fr\/forez\/wp-json\/wp\/v2\/users\/1"}],"replies":[{"embeddable":true,"href":"https:\/\/orecc.fr\/forez\/wp-json\/wp\/v2\/comments?post=1862"}],"version-history":[{"count":0,"href":"https:\/\/orecc.fr\/forez\/wp-json\/wp\/v2\/posts\/1862\/revisions"}],"wp:featuredmedia":[{"embeddable":true,"href":"https:\/\/orecc.fr\/forez\/wp-json\/wp\/v2\/media\/1864"}],"wp:attachment":[{"href":"https:\/\/orecc.fr\/forez\/wp-json\/wp\/v2\/media?parent=1862"}],"wp:term":[{"taxonomy":"category","embeddable":true,"href":"https:\/\/orecc.fr\/forez\/wp-json\/wp\/v2\/categories?post=1862"},{"taxonomy":"post_tag","embeddable":true,"href":"https:\/\/orecc.fr\/forez\/wp-json\/wp\/v2\/tags?post=1862"}],"curies":[{"name":"wp","href":"https:\/\/api.w.org\/{rel}","templated":true}]}}