{"id":1704,"date":"2020-05-06T15:29:37","date_gmt":"2020-05-06T15:29:37","guid":{"rendered":"https:\/\/orecc.fr\/forez\/?p=1704"},"modified":"2021-02-11T16:29:20","modified_gmt":"2021-02-11T16:29:20","slug":"fiscalite-application-du-taux-reduit-sur-certains-produits","status":"publish","type":"post","link":"https:\/\/orecc.fr\/forez\/fiscalite-application-du-taux-reduit-sur-certains-produits\/","title":{"rendered":"Fiscalit\u00e9 : Application du taux r\u00e9duit sur certains produits"},"content":{"rendered":"\n<p><br><br>Ch\u00e8res clientes, chers clients,<\/p>\n\n\n\n<p>Nous vous esp\u00e9rons en bonne forme, ainsi que vos proches.<br><br><\/p>\n\n\n\n<p>Et si nous parlions aujourd\u2019hui de <strong>fiscalit\u00e9<\/strong> pour <em>changer un peu<\/em>. Mais en lien avec la crise sanitaire bien entendu, <em>actualit\u00e9 oblige.<\/em><br><\/p>\n\n\n\n<h3 class=\"has-text-align-center wp-block-heading\"><br><br>\u2714\ufe0f Covid-19 : Les op\u00e9rations concern\u00e9es par l&rsquo;\u00e9largissement du champ d&rsquo;application du taux r\u00e9duit de TVA<br><br><\/h3>\n\n\n\n<p>En raison de l&rsquo;\u00e9pid\u00e9mie de Covid-19, la deuxi\u00e8me<strong> loi de finances<\/strong> rectificative pour 2020 a \u00e9tendu le taux r\u00e9duit de <strong>TVA \u00e0 5,5 %<\/strong> aux <strong>masques<\/strong>, <strong>tenues de protection<\/strong> et<strong> gels nettoyants<\/strong>. Ce taux s&rsquo;applique d\u00e9sormais \u00e0 toutes les op\u00e9rations<strong> taxables en France <\/strong>r\u00e9alis\u00e9es sur ces <strong>produits<\/strong>, pendant la p\u00e9riode d\u00e9finie par la loi.<\/p>\n\n\n\n<h4 class=\"wp-block-heading\"><br><br><br>La qualification juridique des op\u00e9rations concern\u00e9es<\/h4>\n\n\n\n<p><br>Les <strong>op\u00e9rations taxables<\/strong> qui entrent dans le champ d\u2019application du <strong>taux de TVA r\u00e9duit <\/strong>sur les produits de premi\u00e8re n\u00e9cessit\u00e9 sanitaire sont les <em>achats, ventes, commissions, les op\u00e9rations de courtage, de fa\u00e7on<\/em> et \u00e9galement les<em> op\u00e9rations intracommunautaires<\/em> ainsi que les <em>importations<\/em>.<br>Par ailleurs, il est \u00e0 noter que les <strong>importations<\/strong> b\u00e9n\u00e9ficient, sous certaines conditions, d\u2019une <strong>exon\u00e9ration<\/strong> en vertu de la d\u00e9cision de la commission europ\u00e9enne n\u00b0 2020\/491.<br><\/p>\n\n\n\n<h4 class=\"wp-block-heading\"><br><br>L\u2019application du dispositif dans le temps<\/h4>\n\n\n\n<p><br>La loi de finances <strong>diff\u00e8re<\/strong> l&rsquo;entr\u00e9e en vigueur du taux selon le <strong>type de produit<\/strong> :<br><\/p>\n\n\n\n<ul class=\"wp-block-list\"><li>Pour les produits vis\u00e9s \u00e0 l&rsquo;article 278-0 bis K bis du CGI, \u00e0 savoir les <strong>masques<\/strong> et les <strong>tenues de protection<\/strong>, sont taxables au <strong>taux r\u00e9duit les ventes<\/strong> en France ainsi que les acquisitions intracommunautaires dont le fait g\u00e9n\u00e9rateur est intervenu <em>\u00e0 compter du 24 mars 2020<\/em>. Pour les autres op\u00e9rations, le taux r\u00e9duit s&rsquo;applique aux op\u00e9rations dont le fait g\u00e9n\u00e9rateur est intervenu \u00e0 partir du 26 avril 2020 ;<\/li><li>Quant aux produits pr\u00e9vus \u00e0 l&rsquo;article 278-0 bis K ter du CGI dits <strong>d&rsquo;hygi\u00e8ne corporelle <\/strong>tels que les <strong>gels hydroalcooliques<\/strong> ou autres <strong>nettoyants<\/strong> aux propri\u00e9t\u00e9s analogues, le taux r\u00e9duit s&rsquo;applique \u00e0 compter du 1er mars 2020 pour les ventes en France ainsi que pour les acquisitions intracommunautaires et \u00e0 partir du 26 avril 2020 pour les autres op\u00e9rations.<br><br>Par ailleurs, la loi de finances pr\u00e9cise que ces dispositions circonstancielles <em>cesseront d&rsquo;\u00eatre applicables le 31 d\u00e9cembre 2021.<\/em><\/li><\/ul>\n\n\n\n<h3 class=\"has-text-align-center wp-block-heading\"><br><br>\u2714\ufe0f Covid-19 : Les difficult\u00e9s li\u00e9es \u00e0 l&rsquo;application r\u00e9troactive du taux de TVA r\u00e9duit<br><br><\/h3>\n\n\n\n<p>Le l\u00e9gislateur a pr\u00e9vu l&rsquo;application <strong>r\u00e9troactive<\/strong> du <strong>changement du taux de TVA<\/strong> sur les <strong>produits<\/strong> de <strong>premi\u00e8re n\u00e9cessit\u00e9 sanitaire<\/strong>. Les transactions relatives aux masques, tenues de protection et gels nettoyants intervenues entre <strong>l&rsquo;entr\u00e9e en vigueur<\/strong> du changement et la <strong>promulgation<\/strong> de la loi, <strong>devront \u00eatre corrig\u00e9es.<\/strong><\/p>\n\n\n\n<p>La correction des op\u00e9rations effectu\u00e9es ant\u00e9rieurement \u00e0 la promulgation\u00a0de la loi<br>Pour rappel, le taux r\u00e9duit de TVA sur les produits de premi\u00e8re n\u00e9cessit\u00e9 sanitaire s&rsquo;applique de mani\u00e8re r\u00e9troactive. La date d&rsquo;entr\u00e9e en vigueur du taux varie selon que le produit soit pr\u00e9vu au K bis pour les masques et tenues de protection, ou au K ter pour les gels hydroalcooliques et autres solutions nettoyante, du Code G\u00e9n\u00e9ral des Imp\u00f4ts.<\/p>\n\n\n\n<p>Cependant, l&rsquo;application r\u00e9troactive du taux r\u00e9duit de TVA implique la <strong>correction des op\u00e9rations r\u00e9alis\u00e9es<\/strong> entre la date d&rsquo;entr\u00e9e en vigueur et la date \u00e0 laquelle l&rsquo;entreprise a op\u00e9r\u00e9 les changements appropri\u00e9s dans sa comptabilit\u00e9. Par cons\u00e9quent, les entreprises ayant <strong>comptabilis\u00e9<\/strong> des op\u00e9rations sur les <strong>produits vis\u00e9s<\/strong> depuis date d&rsquo;application du taux devront corriger ces transactions. Concr\u00e8tement, elles devront \u00e9mettre des notes d&rsquo;avoir suivies de <strong>nouvelles factures<\/strong>. Cette man\u0153uvre r\u00e9pond au double objectif de respecter la <strong>proc\u00e9dure<\/strong> de <strong>correction<\/strong> et de ne pas compromettre le droit \u00e0 d\u00e9duction de leurs clients en cas de contr\u00f4le par l&rsquo;administration.<\/p>\n\n\n\n<p>Bien que requises en l&rsquo;\u00e9tat actuel de la pratique et des textes, de telles corrections semblent superflues en pr\u00e9sence d&rsquo;assujettis b\u00e9n\u00e9ficiant d&rsquo;un droit \u00e0 d\u00e9duction int\u00e9gral.<br>En effet, est-il n\u00e9cessaire de mettre en place une telle proc\u00e9dure de rectifications en pr\u00e9sence d\u2019assujettis, en B to B, alors qu\u2019il n\u2019y aura pas d\u2019impact pour les 2 parties.<br>Il sera donc n\u00e9cessaire d\u2019op\u00e9rer de telles corrections uniquement en pr\u00e9sence de non assujettis, le cas des particuliers par exemple, en B to C.<\/p>\n\n\n\n<p><br><br><br>Nous restons bien entendu \u00e0 votre disposition, et dans ces moments difficiles, il convient d\u2019\u00eatre vigilant et appliquer les mesures sanitaires pr\u00e9conis\u00e9es.<\/p>\n\n\n\n<p><br>Prenez soin de vous,<br>Bien cordialement<\/p>\n\n\n\n<p><br><br>Olivier ROMEUF, Expert-comptable<br><br><\/p>\n\n\n\n<p><em>PS\u00a0: Le personnel du cabinet t\u00e9l\u00e9travaille et r\u00e9pond \u00e0 vos mails. Certaines collaboratrices pourront \u00eatre susceptibles de vous appeler mais en num\u00e9ro masqu\u00e9, donc penser \u00e0 r\u00e9pondre.<\/em><br><br><br><br><\/p>\n","protected":false},"excerpt":{"rendered":"<p>Ch\u00e8res clientes, chers clients, Nous vous esp\u00e9rons en bonne forme, ainsi que vos proches. Et si nous parlions aujourd\u2019hui de fiscalit\u00e9 pour changer un peu. Mais en lien avec la crise sanitaire bien entendu, actualit\u00e9 oblige. \u2714\ufe0f Covid-19 : Les op\u00e9rations concern\u00e9es par l&rsquo;\u00e9largissement du champ d&rsquo;application du taux r\u00e9duit de TVA En raison de [&hellip;]<\/p>\n","protected":false},"author":1,"featured_media":1706,"comment_status":"closed","ping_status":"open","sticky":false,"template":"","format":"standard","meta":{"jetpack_post_was_ever_published":false,"footnotes":""},"categories":[1],"tags":[6],"class_list":["post-1704","post","type-post","status-publish","format-standard","has-post-thumbnail","hentry","category-blog","tag-covid"],"yoast_head":"<!-- This site is optimized with the Yoast SEO plugin v23.5 - https:\/\/yoast.com\/wordpress\/plugins\/seo\/ -->\n<title>Fiscalit\u00e9 : Application du taux r\u00e9duit sur certains produits - ORECC Forez Montbrison Savigneux - Expert comptable<\/title>\n<meta name=\"robots\" content=\"index, follow, max-snippet:-1, max-image-preview:large, max-video-preview:-1\" \/>\n<link rel=\"canonical\" href=\"https:\/\/orecc.fr\/forez\/fiscalite-application-du-taux-reduit-sur-certains-produits\/\" \/>\n<meta property=\"og:locale\" content=\"fr_FR\" \/>\n<meta property=\"og:type\" content=\"article\" \/>\n<meta property=\"og:title\" content=\"Fiscalit\u00e9 : Application du taux r\u00e9duit sur certains produits - ORECC Forez Montbrison Savigneux - Expert comptable\" \/>\n<meta property=\"og:description\" content=\"Ch\u00e8res clientes, chers clients, Nous vous esp\u00e9rons en bonne forme, ainsi que vos proches. Et si nous parlions aujourd\u2019hui de fiscalit\u00e9 pour changer un peu. Mais en lien avec la crise sanitaire bien entendu, actualit\u00e9 oblige. \u2714\ufe0f Covid-19 : Les op\u00e9rations concern\u00e9es par l&rsquo;\u00e9largissement du champ d&rsquo;application du taux r\u00e9duit de TVA En raison de [&hellip;]\" \/>\n<meta property=\"og:url\" content=\"https:\/\/orecc.fr\/forez\/fiscalite-application-du-taux-reduit-sur-certains-produits\/\" \/>\n<meta property=\"og:site_name\" content=\"ORECC Forez Montbrison Savigneux - Expert comptable\" \/>\n<meta property=\"article:published_time\" content=\"2020-05-06T15:29:37+00:00\" \/>\n<meta property=\"article:modified_time\" content=\"2021-02-11T16:29:20+00:00\" \/>\n<meta property=\"og:image\" content=\"https:\/\/orecc.fr\/forez\/wp-content\/uploads\/sites\/9\/2020\/05\/THE-GOOD-ONE-1.png\" \/>\n\t<meta property=\"og:image:width\" content=\"800\" \/>\n\t<meta property=\"og:image:height\" content=\"450\" \/>\n\t<meta property=\"og:image:type\" content=\"image\/png\" \/>\n<meta name=\"author\" content=\"orecc\" \/>\n<meta name=\"twitter:card\" content=\"summary_large_image\" \/>\n<meta name=\"twitter:creator\" content=\"@orecc\" \/>\n<meta name=\"twitter:site\" content=\"@orecc\" \/>\n<meta name=\"twitter:label1\" content=\"\u00c9crit par\" \/>\n\t<meta name=\"twitter:data1\" content=\"orecc\" \/>\n\t<meta name=\"twitter:label2\" content=\"Dur\u00e9e de lecture estim\u00e9e\" \/>\n\t<meta name=\"twitter:data2\" content=\"4 minutes\" \/>\n<script type=\"application\/ld+json\" class=\"yoast-schema-graph\">{\"@context\":\"https:\/\/schema.org\",\"@graph\":[{\"@type\":\"Article\",\"@id\":\"https:\/\/orecc.fr\/forez\/fiscalite-application-du-taux-reduit-sur-certains-produits\/#article\",\"isPartOf\":{\"@id\":\"https:\/\/orecc.fr\/forez\/fiscalite-application-du-taux-reduit-sur-certains-produits\/\"},\"author\":{\"name\":\"orecc\",\"@id\":\"https:\/\/orecc.fr\/forez\/#\/schema\/person\/219029edc303a161f57ed313d73b6b2d\"},\"headline\":\"Fiscalit\u00e9 : Application du taux r\u00e9duit sur certains produits\",\"datePublished\":\"2020-05-06T15:29:37+00:00\",\"dateModified\":\"2021-02-11T16:29:20+00:00\",\"mainEntityOfPage\":{\"@id\":\"https:\/\/orecc.fr\/forez\/fiscalite-application-du-taux-reduit-sur-certains-produits\/\"},\"wordCount\":802,\"publisher\":{\"@id\":\"https:\/\/orecc.fr\/forez\/#organization\"},\"image\":{\"@id\":\"https:\/\/orecc.fr\/forez\/fiscalite-application-du-taux-reduit-sur-certains-produits\/#primaryimage\"},\"thumbnailUrl\":\"https:\/\/i0.wp.com\/orecc.fr\/forez\/wp-content\/uploads\/sites\/9\/2020\/05\/THE-GOOD-ONE-1.png?fit=800%2C450&ssl=1\",\"keywords\":[\"COVID\"],\"articleSection\":[\"BLOG\"],\"inLanguage\":\"fr-FR\"},{\"@type\":\"WebPage\",\"@id\":\"https:\/\/orecc.fr\/forez\/fiscalite-application-du-taux-reduit-sur-certains-produits\/\",\"url\":\"https:\/\/orecc.fr\/forez\/fiscalite-application-du-taux-reduit-sur-certains-produits\/\",\"name\":\"Fiscalit\u00e9 : Application du taux r\u00e9duit sur certains produits - ORECC Forez Montbrison Savigneux - Expert comptable\",\"isPartOf\":{\"@id\":\"https:\/\/orecc.fr\/forez\/#website\"},\"primaryImageOfPage\":{\"@id\":\"https:\/\/orecc.fr\/forez\/fiscalite-application-du-taux-reduit-sur-certains-produits\/#primaryimage\"},\"image\":{\"@id\":\"https:\/\/orecc.fr\/forez\/fiscalite-application-du-taux-reduit-sur-certains-produits\/#primaryimage\"},\"thumbnailUrl\":\"https:\/\/i0.wp.com\/orecc.fr\/forez\/wp-content\/uploads\/sites\/9\/2020\/05\/THE-GOOD-ONE-1.png?fit=800%2C450&ssl=1\",\"datePublished\":\"2020-05-06T15:29:37+00:00\",\"dateModified\":\"2021-02-11T16:29:20+00:00\",\"breadcrumb\":{\"@id\":\"https:\/\/orecc.fr\/forez\/fiscalite-application-du-taux-reduit-sur-certains-produits\/#breadcrumb\"},\"inLanguage\":\"fr-FR\",\"potentialAction\":[{\"@type\":\"ReadAction\",\"target\":[\"https:\/\/orecc.fr\/forez\/fiscalite-application-du-taux-reduit-sur-certains-produits\/\"]}]},{\"@type\":\"ImageObject\",\"inLanguage\":\"fr-FR\",\"@id\":\"https:\/\/orecc.fr\/forez\/fiscalite-application-du-taux-reduit-sur-certains-produits\/#primaryimage\",\"url\":\"https:\/\/i0.wp.com\/orecc.fr\/forez\/wp-content\/uploads\/sites\/9\/2020\/05\/THE-GOOD-ONE-1.png?fit=800%2C450&ssl=1\",\"contentUrl\":\"https:\/\/i0.wp.com\/orecc.fr\/forez\/wp-content\/uploads\/sites\/9\/2020\/05\/THE-GOOD-ONE-1.png?fit=800%2C450&ssl=1\",\"width\":800,\"height\":450,\"caption\":\"orecc\"},{\"@type\":\"BreadcrumbList\",\"@id\":\"https:\/\/orecc.fr\/forez\/fiscalite-application-du-taux-reduit-sur-certains-produits\/#breadcrumb\",\"itemListElement\":[{\"@type\":\"ListItem\",\"position\":1,\"name\":\"Accueil\",\"item\":\"https:\/\/orecc.fr\/forez\/\"},{\"@type\":\"ListItem\",\"position\":2,\"name\":\"Fiscalit\u00e9 : Application du taux r\u00e9duit sur certains produits\"}]},{\"@type\":\"WebSite\",\"@id\":\"https:\/\/orecc.fr\/forez\/#website\",\"url\":\"https:\/\/orecc.fr\/forez\/\",\"name\":\"ORECC Forez Montbrison Savigneux - Expert comptable\",\"description\":\"Expertise Comptable Nouvelle G\u00e9n\u00e9ration\",\"publisher\":{\"@id\":\"https:\/\/orecc.fr\/forez\/#organization\"},\"potentialAction\":[{\"@type\":\"SearchAction\",\"target\":{\"@type\":\"EntryPoint\",\"urlTemplate\":\"https:\/\/orecc.fr\/forez\/?s={search_term_string}\"},\"query-input\":{\"@type\":\"PropertyValueSpecification\",\"valueRequired\":true,\"valueName\":\"search_term_string\"}}],\"inLanguage\":\"fr-FR\"},{\"@type\":\"Organization\",\"@id\":\"https:\/\/orecc.fr\/forez\/#organization\",\"name\":\"ORECC Forez\",\"alternateName\":\"ORECC\",\"url\":\"https:\/\/orecc.fr\/forez\/\",\"logo\":{\"@type\":\"ImageObject\",\"inLanguage\":\"fr-FR\",\"@id\":\"https:\/\/orecc.fr\/forez\/#\/schema\/logo\/image\/\",\"url\":\"https:\/\/i0.wp.com\/orecc.fr\/forez\/wp-content\/uploads\/sites\/9\/2023\/01\/cropped-logo-Experiens-Orecc-transparent-e1672742742504.png?fit=1000%2C1000&ssl=1\",\"contentUrl\":\"https:\/\/i0.wp.com\/orecc.fr\/forez\/wp-content\/uploads\/sites\/9\/2023\/01\/cropped-logo-Experiens-Orecc-transparent-e1672742742504.png?fit=1000%2C1000&ssl=1\",\"width\":1000,\"height\":1000,\"caption\":\"ORECC Forez\"},\"image\":{\"@id\":\"https:\/\/orecc.fr\/forez\/#\/schema\/logo\/image\/\"},\"sameAs\":[\"https:\/\/x.com\/orecc\",\"https:\/\/www.linkedin.com\/in\/orecc-forez-801174135\"]},{\"@type\":\"Person\",\"@id\":\"https:\/\/orecc.fr\/forez\/#\/schema\/person\/219029edc303a161f57ed313d73b6b2d\",\"name\":\"orecc\",\"image\":{\"@type\":\"ImageObject\",\"inLanguage\":\"fr-FR\",\"@id\":\"https:\/\/orecc.fr\/forez\/#\/schema\/person\/image\/\",\"url\":\"https:\/\/secure.gravatar.com\/avatar\/c2b06ae950033b392998ada50767b50e?s=96&d=mm&r=g\",\"contentUrl\":\"https:\/\/secure.gravatar.com\/avatar\/c2b06ae950033b392998ada50767b50e?s=96&d=mm&r=g\",\"caption\":\"orecc\"},\"url\":\"https:\/\/orecc.fr\/forez\/author\/orecc\/\"}]}<\/script>\n<!-- \/ Yoast SEO plugin. -->","yoast_head_json":{"title":"Fiscalit\u00e9 : Application du taux r\u00e9duit sur certains produits - ORECC Forez Montbrison Savigneux - Expert comptable","robots":{"index":"index","follow":"follow","max-snippet":"max-snippet:-1","max-image-preview":"max-image-preview:large","max-video-preview":"max-video-preview:-1"},"canonical":"https:\/\/orecc.fr\/forez\/fiscalite-application-du-taux-reduit-sur-certains-produits\/","og_locale":"fr_FR","og_type":"article","og_title":"Fiscalit\u00e9 : Application du taux r\u00e9duit sur certains produits - ORECC Forez Montbrison Savigneux - Expert comptable","og_description":"Ch\u00e8res clientes, chers clients, Nous vous esp\u00e9rons en bonne forme, ainsi que vos proches. Et si nous parlions aujourd\u2019hui de fiscalit\u00e9 pour changer un peu. Mais en lien avec la crise sanitaire bien entendu, actualit\u00e9 oblige. \u2714\ufe0f Covid-19 : Les op\u00e9rations concern\u00e9es par l&rsquo;\u00e9largissement du champ d&rsquo;application du taux r\u00e9duit de TVA En raison de [&hellip;]","og_url":"https:\/\/orecc.fr\/forez\/fiscalite-application-du-taux-reduit-sur-certains-produits\/","og_site_name":"ORECC Forez Montbrison Savigneux - Expert comptable","article_published_time":"2020-05-06T15:29:37+00:00","article_modified_time":"2021-02-11T16:29:20+00:00","og_image":[{"width":800,"height":450,"url":"https:\/\/orecc.fr\/forez\/wp-content\/uploads\/sites\/9\/2020\/05\/THE-GOOD-ONE-1.png","type":"image\/png"}],"author":"orecc","twitter_card":"summary_large_image","twitter_creator":"@orecc","twitter_site":"@orecc","twitter_misc":{"\u00c9crit par":"orecc","Dur\u00e9e de lecture estim\u00e9e":"4 minutes"},"schema":{"@context":"https:\/\/schema.org","@graph":[{"@type":"Article","@id":"https:\/\/orecc.fr\/forez\/fiscalite-application-du-taux-reduit-sur-certains-produits\/#article","isPartOf":{"@id":"https:\/\/orecc.fr\/forez\/fiscalite-application-du-taux-reduit-sur-certains-produits\/"},"author":{"name":"orecc","@id":"https:\/\/orecc.fr\/forez\/#\/schema\/person\/219029edc303a161f57ed313d73b6b2d"},"headline":"Fiscalit\u00e9 : Application du taux r\u00e9duit sur certains produits","datePublished":"2020-05-06T15:29:37+00:00","dateModified":"2021-02-11T16:29:20+00:00","mainEntityOfPage":{"@id":"https:\/\/orecc.fr\/forez\/fiscalite-application-du-taux-reduit-sur-certains-produits\/"},"wordCount":802,"publisher":{"@id":"https:\/\/orecc.fr\/forez\/#organization"},"image":{"@id":"https:\/\/orecc.fr\/forez\/fiscalite-application-du-taux-reduit-sur-certains-produits\/#primaryimage"},"thumbnailUrl":"https:\/\/i0.wp.com\/orecc.fr\/forez\/wp-content\/uploads\/sites\/9\/2020\/05\/THE-GOOD-ONE-1.png?fit=800%2C450&ssl=1","keywords":["COVID"],"articleSection":["BLOG"],"inLanguage":"fr-FR"},{"@type":"WebPage","@id":"https:\/\/orecc.fr\/forez\/fiscalite-application-du-taux-reduit-sur-certains-produits\/","url":"https:\/\/orecc.fr\/forez\/fiscalite-application-du-taux-reduit-sur-certains-produits\/","name":"Fiscalit\u00e9 : Application du taux r\u00e9duit sur certains produits - ORECC Forez Montbrison Savigneux - Expert comptable","isPartOf":{"@id":"https:\/\/orecc.fr\/forez\/#website"},"primaryImageOfPage":{"@id":"https:\/\/orecc.fr\/forez\/fiscalite-application-du-taux-reduit-sur-certains-produits\/#primaryimage"},"image":{"@id":"https:\/\/orecc.fr\/forez\/fiscalite-application-du-taux-reduit-sur-certains-produits\/#primaryimage"},"thumbnailUrl":"https:\/\/i0.wp.com\/orecc.fr\/forez\/wp-content\/uploads\/sites\/9\/2020\/05\/THE-GOOD-ONE-1.png?fit=800%2C450&ssl=1","datePublished":"2020-05-06T15:29:37+00:00","dateModified":"2021-02-11T16:29:20+00:00","breadcrumb":{"@id":"https:\/\/orecc.fr\/forez\/fiscalite-application-du-taux-reduit-sur-certains-produits\/#breadcrumb"},"inLanguage":"fr-FR","potentialAction":[{"@type":"ReadAction","target":["https:\/\/orecc.fr\/forez\/fiscalite-application-du-taux-reduit-sur-certains-produits\/"]}]},{"@type":"ImageObject","inLanguage":"fr-FR","@id":"https:\/\/orecc.fr\/forez\/fiscalite-application-du-taux-reduit-sur-certains-produits\/#primaryimage","url":"https:\/\/i0.wp.com\/orecc.fr\/forez\/wp-content\/uploads\/sites\/9\/2020\/05\/THE-GOOD-ONE-1.png?fit=800%2C450&ssl=1","contentUrl":"https:\/\/i0.wp.com\/orecc.fr\/forez\/wp-content\/uploads\/sites\/9\/2020\/05\/THE-GOOD-ONE-1.png?fit=800%2C450&ssl=1","width":800,"height":450,"caption":"orecc"},{"@type":"BreadcrumbList","@id":"https:\/\/orecc.fr\/forez\/fiscalite-application-du-taux-reduit-sur-certains-produits\/#breadcrumb","itemListElement":[{"@type":"ListItem","position":1,"name":"Accueil","item":"https:\/\/orecc.fr\/forez\/"},{"@type":"ListItem","position":2,"name":"Fiscalit\u00e9 : Application du taux r\u00e9duit sur certains produits"}]},{"@type":"WebSite","@id":"https:\/\/orecc.fr\/forez\/#website","url":"https:\/\/orecc.fr\/forez\/","name":"ORECC Forez Montbrison Savigneux - Expert comptable","description":"Expertise Comptable Nouvelle G\u00e9n\u00e9ration","publisher":{"@id":"https:\/\/orecc.fr\/forez\/#organization"},"potentialAction":[{"@type":"SearchAction","target":{"@type":"EntryPoint","urlTemplate":"https:\/\/orecc.fr\/forez\/?s={search_term_string}"},"query-input":{"@type":"PropertyValueSpecification","valueRequired":true,"valueName":"search_term_string"}}],"inLanguage":"fr-FR"},{"@type":"Organization","@id":"https:\/\/orecc.fr\/forez\/#organization","name":"ORECC Forez","alternateName":"ORECC","url":"https:\/\/orecc.fr\/forez\/","logo":{"@type":"ImageObject","inLanguage":"fr-FR","@id":"https:\/\/orecc.fr\/forez\/#\/schema\/logo\/image\/","url":"https:\/\/i0.wp.com\/orecc.fr\/forez\/wp-content\/uploads\/sites\/9\/2023\/01\/cropped-logo-Experiens-Orecc-transparent-e1672742742504.png?fit=1000%2C1000&ssl=1","contentUrl":"https:\/\/i0.wp.com\/orecc.fr\/forez\/wp-content\/uploads\/sites\/9\/2023\/01\/cropped-logo-Experiens-Orecc-transparent-e1672742742504.png?fit=1000%2C1000&ssl=1","width":1000,"height":1000,"caption":"ORECC Forez"},"image":{"@id":"https:\/\/orecc.fr\/forez\/#\/schema\/logo\/image\/"},"sameAs":["https:\/\/x.com\/orecc","https:\/\/www.linkedin.com\/in\/orecc-forez-801174135"]},{"@type":"Person","@id":"https:\/\/orecc.fr\/forez\/#\/schema\/person\/219029edc303a161f57ed313d73b6b2d","name":"orecc","image":{"@type":"ImageObject","inLanguage":"fr-FR","@id":"https:\/\/orecc.fr\/forez\/#\/schema\/person\/image\/","url":"https:\/\/secure.gravatar.com\/avatar\/c2b06ae950033b392998ada50767b50e?s=96&d=mm&r=g","contentUrl":"https:\/\/secure.gravatar.com\/avatar\/c2b06ae950033b392998ada50767b50e?s=96&d=mm&r=g","caption":"orecc"},"url":"https:\/\/orecc.fr\/forez\/author\/orecc\/"}]}},"jetpack_featured_media_url":"https:\/\/i0.wp.com\/orecc.fr\/forez\/wp-content\/uploads\/sites\/9\/2020\/05\/THE-GOOD-ONE-1.png?fit=800%2C450&ssl=1","jetpack_sharing_enabled":true,"jetpack_shortlink":"https:\/\/wp.me\/paPBAg-ru","jetpack-related-posts":[],"_links":{"self":[{"href":"https:\/\/orecc.fr\/forez\/wp-json\/wp\/v2\/posts\/1704"}],"collection":[{"href":"https:\/\/orecc.fr\/forez\/wp-json\/wp\/v2\/posts"}],"about":[{"href":"https:\/\/orecc.fr\/forez\/wp-json\/wp\/v2\/types\/post"}],"author":[{"embeddable":true,"href":"https:\/\/orecc.fr\/forez\/wp-json\/wp\/v2\/users\/1"}],"replies":[{"embeddable":true,"href":"https:\/\/orecc.fr\/forez\/wp-json\/wp\/v2\/comments?post=1704"}],"version-history":[{"count":0,"href":"https:\/\/orecc.fr\/forez\/wp-json\/wp\/v2\/posts\/1704\/revisions"}],"wp:featuredmedia":[{"embeddable":true,"href":"https:\/\/orecc.fr\/forez\/wp-json\/wp\/v2\/media\/1706"}],"wp:attachment":[{"href":"https:\/\/orecc.fr\/forez\/wp-json\/wp\/v2\/media?parent=1704"}],"wp:term":[{"taxonomy":"category","embeddable":true,"href":"https:\/\/orecc.fr\/forez\/wp-json\/wp\/v2\/categories?post=1704"},{"taxonomy":"post_tag","embeddable":true,"href":"https:\/\/orecc.fr\/forez\/wp-json\/wp\/v2\/tags?post=1704"}],"curies":[{"name":"wp","href":"https:\/\/api.w.org\/{rel}","templated":true}]}}